{"id":5044,"date":"2023-10-11T14:44:27","date_gmt":"2023-10-11T17:44:27","guid":{"rendered":"https:\/\/salvadoracontece.com.br\/?p=5044"},"modified":"2023-10-11T14:44:28","modified_gmt":"2023-10-11T17:44:28","slug":"tribunal-nega-adiar-audiencia-no-dia-do-parto-de-advogada-cnj-investigara-desembargador-que-disse-que-gravidez-nao-e-doenca","status":"publish","type":"post","link":"https:\/\/salvadoracontece.com.br\/index.php\/2023\/10\/11\/tribunal-nega-adiar-audiencia-no-dia-do-parto-de-advogada-cnj-investigara-desembargador-que-disse-que-gravidez-nao-e-doenca\/","title":{"rendered":"Tribunal nega adiar audi\u00eancia no dia do parto de advogada; CNJ investigar\u00e1 desembargador que disse que \u201cgravidez n\u00e3o \u00e9 doen\u00e7a\u201d"},"content":{"rendered":"\n<p>O corregedor nacional de Justi\u00e7a, ministro Luis Felipe Salom\u00e3o, decidiu abrir reclama\u00e7\u00e3o disciplinar contra o desembargador Georgenor de Sousa Franco Filho, do Tribunal Regional do Trabalho do Par\u00e1 (TRT-PA), que afirmou que \u201cgravidez n\u00e3o \u00e9 doen\u00e7a\u201d ao negar pedido de uma advogada gr\u00e1vida para adiamento de uma audi\u00eancia.\u00a0<\/p>\n\n\n\n<p>O epis\u00f3dio aconteceu nesta ter\u00e7a-feira (10), de acordo com informa\u00e7\u00f5es do\u00a0Migalhas. A advogado disse que o parto poderia acontecer no dia da audi\u00eancia e por isso solicitava a remarca\u00e7\u00e3o, j\u00e1 que faria sustenta\u00e7\u00e3o oral. No entanto, apesar do parecer favor\u00e1vel da relatora, desembargadora Salumir de Almeida, a 4\u00aa Turma do TRT-PA negou o pedido.\u00a0<\/p>\n\n\n\n<p>\u201cVai adiar o julgamento?\u201d, questionou o presidente do colegiado. \u201cEla pediu sustenta\u00e7\u00e3o oral\u201d, reiterou Salumir. Em seguida, o desembargador Franco Filho respondeu: &#8220;como dizia Magalh\u00e3es Barata, que foi governador do Par\u00e1, gravidez n\u00e3o \u00e9 doen\u00e7a&#8221;. A desembargadora ent\u00e3o rebateu: \u201cn\u00e3o \u00e9 doen\u00e7a, mas \u00e9 um direito&#8221;.<\/p>\n\n\n\n<p>O desembargador pontuou que a gestante n\u00e3o era parte do processo, mas somente a advogada, e que poderia ser substitu\u00edda por qualquer outro profissional em Bel\u00e9m. &#8220;Acho que todos t\u00eam as mesmas qualidades e qualifica\u00e7\u00f5es que a doutora&#8221;.<\/p>\n\n\n\n<p>INVESTIGA\u00c7\u00c3O DO CNJ<\/p>\n\n\n\n<p>Ao determinar a abertura da reclama\u00e7\u00e3o disciplinar,\u00a0Salom\u00e3o\u00a0indicou que pode ter havido viola\u00e7\u00e3o dos deveres inerentes \u00e0 magistratura e inobserv\u00e2ncia de direitos processuais pr\u00f3prios das advogadas em per\u00edodo de parto.\u00a0<\/p>\n\n\n\n<p>Na decis\u00e3o, o corregedor nacional citou que em mar\u00e7o deste ano o CNJ aprovou resolu\u00e7\u00e3o para a ado\u00e7\u00e3o de Perspectiva de G\u00eanero nos julgamentos dos \u00f3rg\u00e3os do Poder Judici\u00e1rio, deixando de ser apenas uma recomenda\u00e7\u00e3o.<\/p>\n\n\n\n<p>A representa\u00e7\u00e3o foi proposta pelos conselheiros Marcello Terto e Silva, Marcos Vin\u00edcius Jardim Rodrigues e Luiz Fernando Bandeira de Mello.<\/p>\n\n\n\n<p>Fonte: Bahia Not\u00edcias <\/p>\n","protected":false},"excerpt":{"rendered":"<p>O corregedor nacional de Justi\u00e7a, ministro Luis Felipe Salom\u00e3o, decidiu abrir reclama\u00e7\u00e3o disciplinar contra o desembargador Georgenor de Sousa Franco Filho, do Tribunal Regional do Trabalho do Par\u00e1 (TRT-PA), que afirmou que \u201cgravidez n\u00e3o \u00e9 doen\u00e7a\u201d ao negar pedido de uma advogada gr\u00e1vida para adiamento de uma audi\u00eancia.\u00a0 O epis\u00f3dio aconteceu nesta ter\u00e7a-feira (10), de [&hellip;]<\/p>\n","protected":false},"author":2,"featured_media":5045,"comment_status":"open","ping_status":"open","sticky":false,"template":"","format":"standard","meta":{"footnotes":""},"categories":[108],"tags":[],"class_list":["post-5044","post","type-post","status-publish","format-standard","has-post-thumbnail","hentry","category-justica"],"_links":{"self":[{"href":"https:\/\/salvadoracontece.com.br\/index.php\/wp-json\/wp\/v2\/posts\/5044","targetHints":{"allow":["GET"]}}],"collection":[{"href":"https:\/\/salvadoracontece.com.br\/index.php\/wp-json\/wp\/v2\/posts"}],"about":[{"href":"https:\/\/salvadoracontece.com.br\/index.php\/wp-json\/wp\/v2\/types\/post"}],"author":[{"embeddable":true,"href":"https:\/\/salvadoracontece.com.br\/index.php\/wp-json\/wp\/v2\/users\/2"}],"replies":[{"embeddable":true,"href":"https:\/\/salvadoracontece.com.br\/index.php\/wp-json\/wp\/v2\/comments?post=5044"}],"version-history":[{"count":1,"href":"https:\/\/salvadoracontece.com.br\/index.php\/wp-json\/wp\/v2\/posts\/5044\/revisions"}],"predecessor-version":[{"id":5046,"href":"https:\/\/salvadoracontece.com.br\/index.php\/wp-json\/wp\/v2\/posts\/5044\/revisions\/5046"}],"wp:featuredmedia":[{"embeddable":true,"href":"https:\/\/salvadoracontece.com.br\/index.php\/wp-json\/wp\/v2\/media\/5045"}],"wp:attachment":[{"href":"https:\/\/salvadoracontece.com.br\/index.php\/wp-json\/wp\/v2\/media?parent=5044"}],"wp:term":[{"taxonomy":"category","embeddable":true,"href":"https:\/\/salvadoracontece.com.br\/index.php\/wp-json\/wp\/v2\/categories?post=5044"},{"taxonomy":"post_tag","embeddable":true,"href":"https:\/\/salvadoracontece.com.br\/index.php\/wp-json\/wp\/v2\/tags?post=5044"}],"curies":[{"name":"wp","href":"https:\/\/api.w.org\/{rel}","templated":true}]}}