{"id":5050,"date":"2023-10-11T15:11:50","date_gmt":"2023-10-11T18:11:50","guid":{"rendered":"https:\/\/salvadoracontece.com.br\/?p=5050"},"modified":"2023-10-11T15:11:52","modified_gmt":"2023-10-11T18:11:52","slug":"ranani-glazer-quem-era-o-brasileiro-morto-pelo-hamas-apos-rave-em-israel","status":"publish","type":"post","link":"https:\/\/salvadoracontece.com.br\/index.php\/2023\/10\/11\/ranani-glazer-quem-era-o-brasileiro-morto-pelo-hamas-apos-rave-em-israel\/","title":{"rendered":"Ranani Glazer: quem era o brasileiro morto pelo Hamas ap\u00f3s rave em Israel\u00a0"},"content":{"rendered":"\n<p>O Itamaraty confirmou ontem\u202fque o brasileiro Ranani Glazer morreu durante o ataque terrorista do grupo Hamas, em\u202fIsrael, no \u00faltimo fim de semana. Ele era um dos tr\u00eas brasileiros desaparecidos ap\u00f3s um atentado em um festival de m\u00fasica no sul de Israel, no s\u00e1bado, 7.&nbsp;<\/p>\n\n\n\n<p>\u201cO Governo brasileiro tomou conhecimento, com profundo pesar, do falecimento do cidad\u00e3o brasileiro Ranani Nidejelski Glazer, natural do Rio Grande do Sul, v\u00edtima dos atentados ocorridos no \u00faltimo dia 7 de outubro, em Israel. Ao solidarizar-se com a fam\u00edlia, amigas e amigos de Ranani, o Governo brasileiro reitera seu absoluto rep\u00fadio a todos os atos de viol\u00eancia, sobretudo contra civis\u201d, disse o Itamaraty, em nota divulgada ontem.&nbsp;<\/p>\n\n\n\n<p>Ranani Glazer, de 24 anos, era natural de\u202fPorto Alegre, no Rio Grande do Sul e vivia em Israel h\u00e1 sete anos, sendo cidad\u00e3o brasileiro-israelense. Ele prestou servi\u00e7o militar no pa\u00eds. O ga\u00facho namorava uma outra brasileira, Rafaela Treistman, que tamb\u00e9m estava no evento no momento dos ataques e sobreviveu. Ele estava na companhia da namorada e de um amigo quando foi visto pela \u00faltima vez.&nbsp;<\/p>\n\n\n\n<p>O pai de Glazer mora em Israel e a m\u00e3e, em Porto Alegre, de acordo com declara\u00e7\u00f5es do irm\u00e3o do jovem ao portal de not\u00edcias\u202fGZH, do Sul do Pa\u00eds. Ele vivia em\u202fTel Aviv\u202fcom amigos e trabalhava como entregador. Ele faria anivers\u00e1rio em tr\u00eas dias, segundo postagens de amigos.&nbsp;<\/p>\n\n\n\n<p>Nas redes sociais, Glazer compartilhava publica\u00e7\u00f5es sobre a vida em Israel. Em uma fotografia em uma festa, em que ele aparece enrolado na bandeira do brasil, o jovem escreveu \u201ceasy to find me on a rave\u201d (\u201cf\u00e1cil me encontrar em uma rave\u201d). Nas redes, o jovem tamb\u00e9m se mostrava um aventureiro, com passagem por diversos pa\u00edses. Fotos em\u202fPortugal, \u202fAmsterd\u00e3,\u202f\u202fParis\u202f\u202fe\u202f\u202fInglaterra\u202fforam publicadas no \u00faltimo ano.&nbsp;<\/p>\n\n\n\n<p><strong>Sonho de ser DJ&nbsp;<\/strong><\/p>\n\n\n\n<p>Com gosto pela m\u00fasica, Glazer publicava diversos v\u00eddeos cantando e tocando viol\u00e3o. De acordo com postagens de seus amigos, o ga\u00facho, que gostava muito de frequentar raves, tinha o sonho de se tornar um DJ conhecido no Brasil.&nbsp;<\/p>\n\n\n\n<p>\u201cSeu sonho sempre foi ser um dj famoso na cena trance brasileira e tamb\u00e9m pelo mundo. Hoje o Brasil inteiro te conhece, meu lindo. N\u00e3o pela raz\u00e3o que eu tanto gostaria que fosse, mas pelo her\u00f3i que voc\u00ea foi dentro daquele bunker. Tenho certeza que voc\u00ea usou at\u00e9 a \u00faltima gota de for\u00e7a que existia no seu corpo pra manter sua namorada \u00e0 salvo e pra acalmar os que estavam \u00e0 sua volta porque \u00e9 isso que voc\u00ea \u00e9 na vida das pessoas. Calmaria\u201d, escreveu em uma postagem no Instagram a amiga de Glazer, Jade Kolker, que tamb\u00e9m estava na rave.&nbsp;<\/p>\n\n\n\n<p>Fonte: Ag\u00eancia estado&nbsp;<\/p>\n","protected":false},"excerpt":{"rendered":"<p>O Itamaraty confirmou ontem\u202fque o brasileiro Ranani Glazer morreu durante o ataque terrorista do grupo Hamas, em\u202fIsrael, no \u00faltimo fim de semana. Ele era um dos tr\u00eas brasileiros desaparecidos ap\u00f3s um atentado em um festival de m\u00fasica no sul de Israel, no s\u00e1bado, 7.&nbsp; \u201cO Governo brasileiro tomou conhecimento, com profundo pesar, do falecimento do [&hellip;]<\/p>\n","protected":false},"author":2,"featured_media":5051,"comment_status":"open","ping_status":"open","sticky":false,"template":"","format":"standard","meta":{"footnotes":""},"categories":[85],"tags":[],"class_list":["post-5050","post","type-post","status-publish","format-standard","has-post-thumbnail","hentry","category-noticias"],"_links":{"self":[{"href":"https:\/\/salvadoracontece.com.br\/index.php\/wp-json\/wp\/v2\/posts\/5050","targetHints":{"allow":["GET"]}}],"collection":[{"href":"https:\/\/salvadoracontece.com.br\/index.php\/wp-json\/wp\/v2\/posts"}],"about":[{"href":"https:\/\/salvadoracontece.com.br\/index.php\/wp-json\/wp\/v2\/types\/post"}],"author":[{"embeddable":true,"href":"https:\/\/salvadoracontece.com.br\/index.php\/wp-json\/wp\/v2\/users\/2"}],"replies":[{"embeddable":true,"href":"https:\/\/salvadoracontece.com.br\/index.php\/wp-json\/wp\/v2\/comments?post=5050"}],"version-history":[{"count":1,"href":"https:\/\/salvadoracontece.com.br\/index.php\/wp-json\/wp\/v2\/posts\/5050\/revisions"}],"predecessor-version":[{"id":5052,"href":"https:\/\/salvadoracontece.com.br\/index.php\/wp-json\/wp\/v2\/posts\/5050\/revisions\/5052"}],"wp:featuredmedia":[{"embeddable":true,"href":"https:\/\/salvadoracontece.com.br\/index.php\/wp-json\/wp\/v2\/media\/5051"}],"wp:attachment":[{"href":"https:\/\/salvadoracontece.com.br\/index.php\/wp-json\/wp\/v2\/media?parent=5050"}],"wp:term":[{"taxonomy":"category","embeddable":true,"href":"https:\/\/salvadoracontece.com.br\/index.php\/wp-json\/wp\/v2\/categories?post=5050"},{"taxonomy":"post_tag","embeddable":true,"href":"https:\/\/salvadoracontece.com.br\/index.php\/wp-json\/wp\/v2\/tags?post=5050"}],"curies":[{"name":"wp","href":"https:\/\/api.w.org\/{rel}","templated":true}]}}