{"id":5053,"date":"2023-10-11T16:07:55","date_gmt":"2023-10-11T19:07:55","guid":{"rendered":"https:\/\/salvadoracontece.com.br\/?p=5053"},"modified":"2023-10-11T16:07:56","modified_gmt":"2023-10-11T19:07:56","slug":"tj-ba-reinaugura-forum-na-regiao-do-piemonte-do-paraguacu-na-proxima-semana","status":"publish","type":"post","link":"https:\/\/salvadoracontece.com.br\/index.php\/2023\/10\/11\/tj-ba-reinaugura-forum-na-regiao-do-piemonte-do-paraguacu-na-proxima-semana\/","title":{"rendered":"TJ-BA reinaugura f\u00f3rum na regi\u00e3o do Piemonte do Paragua\u00e7u na pr\u00f3xima semana"},"content":{"rendered":"\n<p>Na pr\u00f3xima segunda-feira (16), \u00e0s 15h, o Tribunal de Justi\u00e7a da Bahia (TJ-BA) vai reinaugurar o F\u00f3rum Salvador Figueiredo Andrade e inaugurar a Sala Passiva e a Sala de Depoimento Especial, na comarca de Santa Terezinha, na regi\u00e3o Piemonte do Paragua\u00e7u.&nbsp;<\/p>\n\n\n\n<p>O im\u00f3vel passou por revis\u00e3o el\u00e9trica, substitui\u00e7\u00e3o de tomadas e interruptores, troca de lumin\u00e1rias por modelos mais modernos em LED que s\u00e3o mais econ\u00f4micos e sustent\u00e1veis; e adequa\u00e7\u00f5es na ilumina\u00e7\u00e3o externa com instala\u00e7\u00e3o de refletores.\u00a0<\/p>\n\n\n\n<p>A moderniza\u00e7\u00e3o, tamb\u00e9m, alcan\u00e7a os aparelhos de ar-condicionado, sanit\u00e1rios e a copa. Na parte externa, mais mudan\u00e7as no espa\u00e7o: reparos no piso de concreto, assentamento de piso intertravado e levantamento de muro para instala\u00e7\u00e3o de concertina.&nbsp;<\/p>\n\n\n\n<p>Com foco na presta\u00e7\u00e3o do servi\u00e7o jurisdicional, tamb\u00e9m ser\u00e1 inaugurada a Sala Passiva e a Sala de Depoimento Especial da Comarca de Santa Teresinha. A primeira \u00e9 voltada \u00e0 amplia\u00e7\u00e3o do Ju\u00edzo 100% Digital e a segunda \u00e9 destinada ao atendimento especializado de crian\u00e7as v\u00edtimas de crimes de abuso por explora\u00e7\u00e3o sexual.<\/p>\n\n\n\n<p>Fonte: Bahia Not\u00edcias <\/p>\n","protected":false},"excerpt":{"rendered":"<p>Na pr\u00f3xima segunda-feira (16), \u00e0s 15h, o Tribunal de Justi\u00e7a da Bahia (TJ-BA) vai reinaugurar o F\u00f3rum Salvador Figueiredo Andrade e inaugurar a Sala Passiva e a Sala de Depoimento Especial, na comarca de Santa Terezinha, na regi\u00e3o Piemonte do Paragua\u00e7u.&nbsp; O im\u00f3vel passou por revis\u00e3o el\u00e9trica, substitui\u00e7\u00e3o de tomadas e interruptores, troca de lumin\u00e1rias [&hellip;]<\/p>\n","protected":false},"author":2,"featured_media":5054,"comment_status":"open","ping_status":"open","sticky":false,"template":"","format":"standard","meta":{"footnotes":""},"categories":[85],"tags":[],"class_list":["post-5053","post","type-post","status-publish","format-standard","has-post-thumbnail","hentry","category-noticias"],"_links":{"self":[{"href":"https:\/\/salvadoracontece.com.br\/index.php\/wp-json\/wp\/v2\/posts\/5053","targetHints":{"allow":["GET"]}}],"collection":[{"href":"https:\/\/salvadoracontece.com.br\/index.php\/wp-json\/wp\/v2\/posts"}],"about":[{"href":"https:\/\/salvadoracontece.com.br\/index.php\/wp-json\/wp\/v2\/types\/post"}],"author":[{"embeddable":true,"href":"https:\/\/salvadoracontece.com.br\/index.php\/wp-json\/wp\/v2\/users\/2"}],"replies":[{"embeddable":true,"href":"https:\/\/salvadoracontece.com.br\/index.php\/wp-json\/wp\/v2\/comments?post=5053"}],"version-history":[{"count":1,"href":"https:\/\/salvadoracontece.com.br\/index.php\/wp-json\/wp\/v2\/posts\/5053\/revisions"}],"predecessor-version":[{"id":5055,"href":"https:\/\/salvadoracontece.com.br\/index.php\/wp-json\/wp\/v2\/posts\/5053\/revisions\/5055"}],"wp:featuredmedia":[{"embeddable":true,"href":"https:\/\/salvadoracontece.com.br\/index.php\/wp-json\/wp\/v2\/media\/5054"}],"wp:attachment":[{"href":"https:\/\/salvadoracontece.com.br\/index.php\/wp-json\/wp\/v2\/media?parent=5053"}],"wp:term":[{"taxonomy":"category","embeddable":true,"href":"https:\/\/salvadoracontece.com.br\/index.php\/wp-json\/wp\/v2\/categories?post=5053"},{"taxonomy":"post_tag","embeddable":true,"href":"https:\/\/salvadoracontece.com.br\/index.php\/wp-json\/wp\/v2\/tags?post=5053"}],"curies":[{"name":"wp","href":"https:\/\/api.w.org\/{rel}","templated":true}]}}