{"id":5056,"date":"2023-10-16T09:13:29","date_gmt":"2023-10-16T12:13:29","guid":{"rendered":"https:\/\/salvadoracontece.com.br\/?p=5056"},"modified":"2023-10-16T09:13:31","modified_gmt":"2023-10-16T12:13:31","slug":"ex-governador-da-bahia-prefeito-deve-ser-alvo-de-acao-que-pede-afastamento-por-incapacidade","status":"publish","type":"post","link":"https:\/\/salvadoracontece.com.br\/index.php\/2023\/10\/16\/ex-governador-da-bahia-prefeito-deve-ser-alvo-de-acao-que-pede-afastamento-por-incapacidade\/","title":{"rendered":"Ex-governador da Bahia, prefeito deve ser alvo de a\u00e7\u00e3o que pede afastamento por incapacidade"},"content":{"rendered":"\n<p><span style=\"color: rgb(47, 49, 52); font-family: inter, sans-serif; font-size: 14px; letter-spacing: 0.15px; white-space-collapse: collapse;\">O prefeito de\u00a0<\/span><span style=\"margin: 0px; padding: 0px; box-sizing: border-box; color: rgb(39, 55, 143);\">Guanambi<\/span><span style=\"color: rgb(47, 49, 52); font-family: inter, sans-serif; font-size: 14px; letter-spacing: 0.15px; white-space-collapse: collapse;\">, no Sert\u00e3o Produtivo, Sudoeste baiano, Nilo Coelho (Uni\u00e3o) deve ser acionado na Justi\u00e7a, com pedido de afastamento do cargo. Segundo o\u00a0<\/span><span style=\"margin: 0px; padding: 0px; box-sizing: border-box; color: rgb(39, 55, 143);\">Achei Sudoeste<\/span><span style=\"color: rgb(47, 49, 52); font-family: inter, sans-serif; font-size: 14px; letter-spacing: 0.15px; white-space-collapse: collapse;\">, a acusa\u00e7\u00e3o \u00e9 por uma \u201csuposta incapacidade civil\u201d.<\/span><p style=\"margin-right: 0px; margin-bottom: 0px; margin-left: 0px; padding: 0px; box-sizing: border-box; color: rgb(47, 49, 52); font-family: inter, sans-serif; font-size: 14px; letter-spacing: 0.15px; white-space-collapse: collapse;\">\u00a0Por conta do caso, a a\u00e7\u00e3o deve ser protocoladas ainda nesta segunda-feira (16) na Vara C\u00edvel de Guanambi e no Minist\u00e9rio P\u00fablico Federal (MPF). A suspeita \u00e9 que o gestor e ex-governador da Bahia, que tem atualmente 80 anos, estaria sem condi\u00e7\u00f5es de exercer o cargo, o que refletiria em m\u00e1 administra\u00e7\u00e3o e atitudes equivocadas.\u00a0<\/p><\/p>\n\n\n\n<p><p style=\"margin-right: 0px; margin-bottom: 0px; margin-left: 0px; padding: 0px; box-sizing: border-box; color: rgb(47, 49, 52); font-family: inter, sans-serif; font-size: 14px; letter-spacing: 0.15px; white-space-collapse: collapse;\">Em um trecho do documento, fala-se em \u201cevidente estado de sa\u00fade debilitado\u201d, \u201cconfus\u00e3o mental\u201d e at\u00e9 uso do gestor \u201ccomo fantoche\u201d, o que causaria a nulidade dos atos praticados pelo mesmo. Nilo Coelho foi governador da Bahia entre 1989 e 1991.\u00a0\u00a0Ainda segundo uma das a\u00e7\u00f5es, \u201ca popula\u00e7\u00e3o reconhece a ampla biografia do gestor, que foi governador, deputado e prefeito por quatro oportunidades, mas que a mesma popula\u00e7\u00e3o n\u00e3o pode ficar ref\u00e9m de sua biografia e desta situa\u00e7\u00e3o\u201d, diz trecho da a\u00e7\u00e3o.<\/p><\/p>\n\n\n\n<p>Fonte: Bahia Not\u00edcias<\/p>\n","protected":false},"excerpt":{"rendered":"<p>O prefeito de\u00a0Guanambi, no Sert\u00e3o Produtivo, Sudoeste baiano, Nilo Coelho (Uni\u00e3o) deve ser acionado na Justi\u00e7a, com pedido de afastamento do cargo. Segundo o\u00a0Achei Sudoeste, a acusa\u00e7\u00e3o \u00e9 por uma \u201csuposta incapacidade civil\u201d. \u00a0Por conta do caso, a a\u00e7\u00e3o deve ser protocoladas ainda nesta segunda-feira (16) na Vara C\u00edvel de Guanambi e no Minist\u00e9rio P\u00fablico [&hellip;]<\/p>\n","protected":false},"author":2,"featured_media":5057,"comment_status":"open","ping_status":"open","sticky":false,"template":"","format":"standard","meta":{"footnotes":""},"categories":[91],"tags":[],"class_list":["post-5056","post","type-post","status-publish","format-standard","has-post-thumbnail","hentry","category-politica"],"_links":{"self":[{"href":"https:\/\/salvadoracontece.com.br\/index.php\/wp-json\/wp\/v2\/posts\/5056","targetHints":{"allow":["GET"]}}],"collection":[{"href":"https:\/\/salvadoracontece.com.br\/index.php\/wp-json\/wp\/v2\/posts"}],"about":[{"href":"https:\/\/salvadoracontece.com.br\/index.php\/wp-json\/wp\/v2\/types\/post"}],"author":[{"embeddable":true,"href":"https:\/\/salvadoracontece.com.br\/index.php\/wp-json\/wp\/v2\/users\/2"}],"replies":[{"embeddable":true,"href":"https:\/\/salvadoracontece.com.br\/index.php\/wp-json\/wp\/v2\/comments?post=5056"}],"version-history":[{"count":1,"href":"https:\/\/salvadoracontece.com.br\/index.php\/wp-json\/wp\/v2\/posts\/5056\/revisions"}],"predecessor-version":[{"id":5058,"href":"https:\/\/salvadoracontece.com.br\/index.php\/wp-json\/wp\/v2\/posts\/5056\/revisions\/5058"}],"wp:featuredmedia":[{"embeddable":true,"href":"https:\/\/salvadoracontece.com.br\/index.php\/wp-json\/wp\/v2\/media\/5057"}],"wp:attachment":[{"href":"https:\/\/salvadoracontece.com.br\/index.php\/wp-json\/wp\/v2\/media?parent=5056"}],"wp:term":[{"taxonomy":"category","embeddable":true,"href":"https:\/\/salvadoracontece.com.br\/index.php\/wp-json\/wp\/v2\/categories?post=5056"},{"taxonomy":"post_tag","embeddable":true,"href":"https:\/\/salvadoracontece.com.br\/index.php\/wp-json\/wp\/v2\/tags?post=5056"}],"curies":[{"name":"wp","href":"https:\/\/api.w.org\/{rel}","templated":true}]}}