{"id":5060,"date":"2023-10-16T09:51:33","date_gmt":"2023-10-16T12:51:33","guid":{"rendered":"https:\/\/salvadoracontece.com.br\/?p=5060"},"modified":"2023-10-16T09:51:35","modified_gmt":"2023-10-16T12:51:35","slug":"semana-de-jogos-tem-uruguai-x-brasil-duas-partidas-do-bahia-na-fonte-e-vitoria-jogando-fora","status":"publish","type":"post","link":"https:\/\/salvadoracontece.com.br\/index.php\/2023\/10\/16\/semana-de-jogos-tem-uruguai-x-brasil-duas-partidas-do-bahia-na-fonte-e-vitoria-jogando-fora\/","title":{"rendered":"Semana de jogos tem Uruguai x Brasil, duas partidas do Bahia na Fonte e Vit\u00f3ria jogando fora"},"content":{"rendered":"\n<p>A semana promete fortes emo\u00e7\u00f5es com jogos da Sele\u00e7\u00e3o Brasileira, Bahia e Vit\u00f3ria, respectivamente pelas eliminat\u00f3rias da Copa do Mundo, Brasileir\u00e3o e S\u00e9rie B.<\/p>\n\n\n\n<p>O primeiro a entrar em campo ser\u00e1 o Brasil para o cl\u00e1ssico sul-americano diante do Uruguai em Montevid\u00e9u. As duas sele\u00e7\u00f5es se enfrentam nesta ter\u00e7a-feira (17), \u00e0s 21h no hor\u00e1rio de Bras\u00edlia, no Centenario, pela quarta rodada. Ap\u00f3s empate com a Venezuela, o time Canarinho foi desbancado da lideran\u00e7a da tabela de classifica\u00e7\u00e3o e agora ocupa a segunda coloca\u00e7\u00e3o com sete pontos, dois a menos do que a Argentina, que agora \u00e9 l\u00edder. Os uruguaios somam quatro e aparece no quarto lugar.<\/p>\n\n\n\n<p>Logo no dia seguinte, quarta (18), o Brasileir\u00e3o est\u00e1 de volta ap\u00f3s a data Fifa deste m\u00eas de outubro. O Bahia recebe a visita do Internacional, \u00e0s 21h30, na Arena Fonte Nova, pela 27\u00aa rodada. Tr\u00eas dias depois, s\u00e1bado (21), no mesmo local, o Tricolor enfrenta o Fortaleza, a partir das 18h30, pela 28 jornada. Neste momento, o time baiano est\u00e1 na 16\u00aa posi\u00e7\u00e3o com 28 pontos, um a mais do que o Vasco, que abre a zona de rebaixamento na 17\u00aa.<\/p>\n\n\n\n<p>Em contagem regressiva para carimbar o acesso \u00e0 elite do futebol brasileiro, o Vit\u00f3ria encara o Sampaio Corr\u00eaa, no Castel\u00e3o. A partida est\u00e1 marcada para a pr\u00f3xima sexta (20), \u00e0s 19h, pela 33\u00aa rodada da S\u00e9rie B. O Le\u00e3o \u00e9 o l\u00edder isolado com 61 pontos, sete a mais do que o Guarani, que \u00e9 o quinto e est\u00e1 fora do G-4.<\/p>\n\n\n\n<p>Fonte: Bahia Not\u00edcias<\/p>\n","protected":false},"excerpt":{"rendered":"<p>A semana promete fortes emo\u00e7\u00f5es com jogos da Sele\u00e7\u00e3o Brasileira, Bahia e Vit\u00f3ria, respectivamente pelas eliminat\u00f3rias da Copa do Mundo, Brasileir\u00e3o e S\u00e9rie B. O primeiro a entrar em campo ser\u00e1 o Brasil para o cl\u00e1ssico sul-americano diante do Uruguai em Montevid\u00e9u. As duas sele\u00e7\u00f5es se enfrentam nesta ter\u00e7a-feira (17), \u00e0s 21h no hor\u00e1rio de [&hellip;]<\/p>\n","protected":false},"author":2,"featured_media":5061,"comment_status":"open","ping_status":"open","sticky":false,"template":"","format":"standard","meta":{"footnotes":""},"categories":[89],"tags":[],"class_list":["post-5060","post","type-post","status-publish","format-standard","has-post-thumbnail","hentry","category-esportes"],"_links":{"self":[{"href":"https:\/\/salvadoracontece.com.br\/index.php\/wp-json\/wp\/v2\/posts\/5060","targetHints":{"allow":["GET"]}}],"collection":[{"href":"https:\/\/salvadoracontece.com.br\/index.php\/wp-json\/wp\/v2\/posts"}],"about":[{"href":"https:\/\/salvadoracontece.com.br\/index.php\/wp-json\/wp\/v2\/types\/post"}],"author":[{"embeddable":true,"href":"https:\/\/salvadoracontece.com.br\/index.php\/wp-json\/wp\/v2\/users\/2"}],"replies":[{"embeddable":true,"href":"https:\/\/salvadoracontece.com.br\/index.php\/wp-json\/wp\/v2\/comments?post=5060"}],"version-history":[{"count":1,"href":"https:\/\/salvadoracontece.com.br\/index.php\/wp-json\/wp\/v2\/posts\/5060\/revisions"}],"predecessor-version":[{"id":5062,"href":"https:\/\/salvadoracontece.com.br\/index.php\/wp-json\/wp\/v2\/posts\/5060\/revisions\/5062"}],"wp:featuredmedia":[{"embeddable":true,"href":"https:\/\/salvadoracontece.com.br\/index.php\/wp-json\/wp\/v2\/media\/5061"}],"wp:attachment":[{"href":"https:\/\/salvadoracontece.com.br\/index.php\/wp-json\/wp\/v2\/media?parent=5060"}],"wp:term":[{"taxonomy":"category","embeddable":true,"href":"https:\/\/salvadoracontece.com.br\/index.php\/wp-json\/wp\/v2\/categories?post=5060"},{"taxonomy":"post_tag","embeddable":true,"href":"https:\/\/salvadoracontece.com.br\/index.php\/wp-json\/wp\/v2\/tags?post=5060"}],"curies":[{"name":"wp","href":"https:\/\/api.w.org\/{rel}","templated":true}]}}