{"id":5554,"date":"2023-10-31T13:15:42","date_gmt":"2023-10-31T16:15:42","guid":{"rendered":"https:\/\/salvadoracontece.com.br\/?p=5554"},"modified":"2023-10-31T13:15:44","modified_gmt":"2023-10-31T16:15:44","slug":"sem-luz-1-900-imoveis-ficam-sem-energia-apos-queda-de-arvore-na-av-acm","status":"publish","type":"post","link":"https:\/\/salvadoracontece.com.br\/index.php\/2023\/10\/31\/sem-luz-1-900-imoveis-ficam-sem-energia-apos-queda-de-arvore-na-av-acm\/","title":{"rendered":"Sem luz: 1.900 im\u00f3veis ficam sem energia ap\u00f3s queda de \u00e1rvore na Av. ACM"},"content":{"rendered":"\n<p>Cerca de 1.900 im\u00f3veis ficaram sem energia el\u00e9trica no in\u00edcio desta ter\u00e7a-feira (31) ap\u00f3s\u00a0a queda de uma \u00e1rvore na Avenida ACM. A planta caiu por cima da fia\u00e7\u00e3o, durante a madrugada, afetando o servi\u00e7o.<br><br>De acordo com informa\u00e7\u00f5es da Coelba, por volta de 6h o servi\u00e7o foi normalizado em parte dos im\u00f3veis, ficando 750 sem energia. Desde as 9h o n\u00famero est\u00e1 em 18 unidades que permanecem sem luz.<\/p>\n\n\n\n<p>Ainda segundo a empresa, assim que foi notificada da ocorr\u00eancia, a distribuidora enviou equipes ao local para realizar os reparos nos equipamentos. &#8221; No momento, apenas 18 unidades seguem com o servi\u00e7o interrompido, para que os t\u00e9cnicos possam concluir o trabalho com seguran\u00e7a. Os reparos na rede el\u00e9trica dever\u00e3o ser conclu\u00eddos ainda nesta manh\u00e3, quando a energia ser\u00e1 plenamente restaurada para os demais clientes&#8221;, diz a empresa.<\/p>\n\n\n\n<p>Por causa da remo\u00e7\u00e3o da \u00e1rvore, parte da avenida teve o tr\u00e2nsito bloqueado. Segundo a Transalvador, por volta das 9h30, uma faixa liberada da via marginal foi liberada, mas o bloqueio continua pr\u00f3ximo ao McDonald&#8217;s, devido fia\u00e7\u00e3o na via. Os motoristas devem seguir pela via principal. Agentes da Transalvador e da Seman continuam trabalhando no local.<\/p>\n\n\n\n<p>No in\u00edcio da manh\u00e3, durante o trabalho de remo\u00e7\u00e3o,\u00a0um funcion\u00e1rio da Secretaria Municipal da Manuten\u00e7\u00e3o (Seman) sofreu um acidente. Ele estava serrando parte do tronco da planta, quando escorregou e caiu.<\/p>\n\n\n\n<p>O acidente aconteceu por volta das 6h50, e foi flagrado pela TV Bahia. Colegas de trabalho do funcion\u00e1rio paralisaram o servi\u00e7o para prestar socorro. Em nota, a Seman informou que o trabalhador foi atendido pela Samu e que no momento do acidente, ele usava os equipamentos de seguran\u00e7a individual (EPI).<\/p>\n\n\n\n<p>Fonte: Jornal Correio <\/p>\n","protected":false},"excerpt":{"rendered":"<p>Cerca de 1.900 im\u00f3veis ficaram sem energia el\u00e9trica no in\u00edcio desta ter\u00e7a-feira (31) ap\u00f3s\u00a0a queda de uma \u00e1rvore na Avenida ACM. A planta caiu por cima da fia\u00e7\u00e3o, durante a madrugada, afetando o servi\u00e7o. De acordo com informa\u00e7\u00f5es da Coelba, por volta de 6h o servi\u00e7o foi normalizado em parte dos im\u00f3veis, ficando 750 sem [&hellip;]<\/p>\n","protected":false},"author":2,"featured_media":5555,"comment_status":"open","ping_status":"open","sticky":false,"template":"","format":"standard","meta":{"footnotes":""},"categories":[85],"tags":[],"class_list":["post-5554","post","type-post","status-publish","format-standard","has-post-thumbnail","hentry","category-noticias"],"_links":{"self":[{"href":"https:\/\/salvadoracontece.com.br\/index.php\/wp-json\/wp\/v2\/posts\/5554","targetHints":{"allow":["GET"]}}],"collection":[{"href":"https:\/\/salvadoracontece.com.br\/index.php\/wp-json\/wp\/v2\/posts"}],"about":[{"href":"https:\/\/salvadoracontece.com.br\/index.php\/wp-json\/wp\/v2\/types\/post"}],"author":[{"embeddable":true,"href":"https:\/\/salvadoracontece.com.br\/index.php\/wp-json\/wp\/v2\/users\/2"}],"replies":[{"embeddable":true,"href":"https:\/\/salvadoracontece.com.br\/index.php\/wp-json\/wp\/v2\/comments?post=5554"}],"version-history":[{"count":1,"href":"https:\/\/salvadoracontece.com.br\/index.php\/wp-json\/wp\/v2\/posts\/5554\/revisions"}],"predecessor-version":[{"id":5556,"href":"https:\/\/salvadoracontece.com.br\/index.php\/wp-json\/wp\/v2\/posts\/5554\/revisions\/5556"}],"wp:featuredmedia":[{"embeddable":true,"href":"https:\/\/salvadoracontece.com.br\/index.php\/wp-json\/wp\/v2\/media\/5555"}],"wp:attachment":[{"href":"https:\/\/salvadoracontece.com.br\/index.php\/wp-json\/wp\/v2\/media?parent=5554"}],"wp:term":[{"taxonomy":"category","embeddable":true,"href":"https:\/\/salvadoracontece.com.br\/index.php\/wp-json\/wp\/v2\/categories?post=5554"},{"taxonomy":"post_tag","embeddable":true,"href":"https:\/\/salvadoracontece.com.br\/index.php\/wp-json\/wp\/v2\/tags?post=5554"}],"curies":[{"name":"wp","href":"https:\/\/api.w.org\/{rel}","templated":true}]}}