{"id":5557,"date":"2023-10-31T13:21:01","date_gmt":"2023-10-31T16:21:01","guid":{"rendered":"https:\/\/salvadoracontece.com.br\/?p=5557"},"modified":"2023-10-31T13:21:03","modified_gmt":"2023-10-31T16:21:03","slug":"prazo-para-cadastro-de-veiculos-para-acesso-as-regioes-do-carnaval-e-ampliado","status":"publish","type":"post","link":"https:\/\/salvadoracontece.com.br\/index.php\/2023\/10\/31\/prazo-para-cadastro-de-veiculos-para-acesso-as-regioes-do-carnaval-e-ampliado\/","title":{"rendered":"Prazo para cadastro de ve\u00edculos para acesso \u00e0s regi\u00f5es do Carnaval \u00e9 ampliado"},"content":{"rendered":"\n<p>A Superintend\u00eancia de Tr\u00e2nsito de Salvador (Transalvador) estendeu para at\u00e9 o pr\u00f3ximo dia 16 de novembro o prazo para que moradores das zonas pr\u00f3ximas \u00e0 folia momesca pudessem solicitar as credenciais veiculares por meio da internet e receb\u00ea-las em casa. O per\u00edodo, iniciado em setembro, acabaria nesta segunda (30).&nbsp;<\/p>\n\n\n\n<p>At\u00e9 o momento, apenas cerca de 8,5 mil moradores cadastraram pelo menos um ve\u00edculo, o que representa aproximadamente 27% dos pouco mais de 31 mil im\u00f3veis aptos a receber os adesivos. O requerimento deve ser feito no site da Transalvador (www.transalvador.salvador.ba.gov.br). Basta clicar no \u00edcone \u201cCarnaval 2024\u201d. Tamb\u00e9m na p\u00e1gina virtual, o cidad\u00e3o pode saber se sua resid\u00eancia est\u00e1 numa das \u00e1reas de restri\u00e7\u00e3o da festa. &nbsp;<\/p>\n\n\n\n<p>O morador que j\u00e1 fez o cadastro para o Carnaval 2023 basta acessar o sistema com os mesmos login e senha. Em seguida, confirmar o ve\u00edculo que j\u00e1 foi cadastrado no ano passado, exclu\u00ed-lo e\/ou incluir os dados de um novo autom\u00f3vel. O cidad\u00e3o que j\u00e1 tiver o cadastro pr\u00e9vio e n\u00e3o confirmar, substituir ou incluir um novo ve\u00edculo no site at\u00e9 a data limite dever\u00e1 ir aos postos f\u00edsicos, que ser\u00e3o abertos em data e locais a serem divulgados, caso deseje uma nova credencial.&nbsp;<\/p>\n\n\n\n<p><strong>Cadastramento \u2013&nbsp;<\/strong>Para solicitar a credencial no site da Transalvador, o(a) propriet\u00e1rio(a) do im\u00f3vel ou o(a) inquilino(a) dever\u00e1 informar os n\u00fameros do IPTU, CPF\/CNPJ e o endere\u00e7o de e-mail. Cabe destacar que o n\u00famero do CPF informado dever\u00e1 ser o do(a) propriet\u00e1rio do(a) im\u00f3vel.&nbsp;<\/p>\n\n\n\n<p>Em seguida, o sistema enviar\u00e1 para o e-mail informado um c\u00f3digo de acesso. Ap\u00f3s isso, ao ingressar no sistema, poder\u00e1 ser informado o n\u00famero do Renavam e placa do ve\u00edculo a ser cadastrado.&nbsp;<\/p>\n\n\n\n<p>At\u00e9 o final do prazo todos poder\u00e3o efetuar mudan\u00e7as nas placas dos ve\u00edculos. Ap\u00f3s o fim do novo per\u00edodo, o procedimento s\u00f3 poder\u00e1 ser realizado em um dos postos de atendimento, mediante a troca do adesivo e apresenta\u00e7\u00e3o do documento do novo ve\u00edculo (CRLV).&nbsp;<\/p>\n\n\n\n<p><strong>Cadastro fora do prazo \u2013&nbsp;<\/strong>As credenciais s\u00f3 ser\u00e3o entregues nas resid\u00eancias dos moradores que cadastraram as placas dos ve\u00edculos at\u00e9 16 de novembro no site da Transalvador. Quem perder o prazo, ter\u00e1 que retirar as credenciais nos postos de atendimento. Para agilizar a retirada nesses pontos, mesmo ap\u00f3s a data limite, o cidad\u00e3o poder\u00e1 fazer o cadastro das placas no site, mas dever\u00e1 ir nos balc\u00f5es para buscar as credenciais.&nbsp;<\/p>\n\n\n\n<p><strong>Zonas de Restri\u00e7\u00e3o \u2013&nbsp;<\/strong>Como em anos anteriores, o Carnaval de 2024 contar\u00e1 com cinco grandes \u00e1reas de restri\u00e7\u00e3o de circula\u00e7\u00e3o de ve\u00edculos. Essas regi\u00f5es ser\u00e3o subdivididas num total de 12 sub\u00e1reas. As credenciais s\u00e3o espec\u00edficas para cada um dos 12 locais. Os ve\u00edculos que n\u00e3o possu\u00edrem a devida libera\u00e7\u00e3o para circula\u00e7\u00e3o ou que acessarem outra subzona que n\u00e3o a de sua resid\u00eancia ser\u00e3o autuados.&nbsp;<\/p>\n\n\n\n<p>A multa para quem transitar em local e hor\u00e1rio n\u00e3o permitido pela regulamenta\u00e7\u00e3o \u00e9 de R$ 130,16. Essa \u00e9 uma infra\u00e7\u00e3o de natureza m\u00e9dia, prevista no art. 187, inciso I, do C\u00f3digo de Tr\u00e2nsito Brasileiro (CTB). O infrator est\u00e1 sujeito ainda a 4 pontos na CNH.\u00a0<\/p>\n\n\n\n<p>Fonte: TRBN <\/p>\n","protected":false},"excerpt":{"rendered":"<p>A Superintend\u00eancia de Tr\u00e2nsito de Salvador (Transalvador) estendeu para at\u00e9 o pr\u00f3ximo dia 16 de novembro o prazo para que moradores das zonas pr\u00f3ximas \u00e0 folia momesca pudessem solicitar as credenciais veiculares por meio da internet e receb\u00ea-las em casa. O per\u00edodo, iniciado em setembro, acabaria nesta segunda (30).&nbsp; At\u00e9 o momento, apenas cerca de [&hellip;]<\/p>\n","protected":false},"author":2,"featured_media":5558,"comment_status":"open","ping_status":"open","sticky":false,"template":"","format":"standard","meta":{"footnotes":""},"categories":[85],"tags":[],"class_list":["post-5557","post","type-post","status-publish","format-standard","has-post-thumbnail","hentry","category-noticias"],"_links":{"self":[{"href":"https:\/\/salvadoracontece.com.br\/index.php\/wp-json\/wp\/v2\/posts\/5557","targetHints":{"allow":["GET"]}}],"collection":[{"href":"https:\/\/salvadoracontece.com.br\/index.php\/wp-json\/wp\/v2\/posts"}],"about":[{"href":"https:\/\/salvadoracontece.com.br\/index.php\/wp-json\/wp\/v2\/types\/post"}],"author":[{"embeddable":true,"href":"https:\/\/salvadoracontece.com.br\/index.php\/wp-json\/wp\/v2\/users\/2"}],"replies":[{"embeddable":true,"href":"https:\/\/salvadoracontece.com.br\/index.php\/wp-json\/wp\/v2\/comments?post=5557"}],"version-history":[{"count":1,"href":"https:\/\/salvadoracontece.com.br\/index.php\/wp-json\/wp\/v2\/posts\/5557\/revisions"}],"predecessor-version":[{"id":5559,"href":"https:\/\/salvadoracontece.com.br\/index.php\/wp-json\/wp\/v2\/posts\/5557\/revisions\/5559"}],"wp:featuredmedia":[{"embeddable":true,"href":"https:\/\/salvadoracontece.com.br\/index.php\/wp-json\/wp\/v2\/media\/5558"}],"wp:attachment":[{"href":"https:\/\/salvadoracontece.com.br\/index.php\/wp-json\/wp\/v2\/media?parent=5557"}],"wp:term":[{"taxonomy":"category","embeddable":true,"href":"https:\/\/salvadoracontece.com.br\/index.php\/wp-json\/wp\/v2\/categories?post=5557"},{"taxonomy":"post_tag","embeddable":true,"href":"https:\/\/salvadoracontece.com.br\/index.php\/wp-json\/wp\/v2\/tags?post=5557"}],"curies":[{"name":"wp","href":"https:\/\/api.w.org\/{rel}","templated":true}]}}