{"id":5560,"date":"2023-10-31T13:30:43","date_gmt":"2023-10-31T16:30:43","guid":{"rendered":"https:\/\/salvadoracontece.com.br\/?p=5560"},"modified":"2023-10-31T13:30:45","modified_gmt":"2023-10-31T16:30:45","slug":"subtenente-e-soldados-sao-capturados-por-homicidio-de-rifeiro","status":"publish","type":"post","link":"https:\/\/salvadoracontece.com.br\/index.php\/2023\/10\/31\/subtenente-e-soldados-sao-capturados-por-homicidio-de-rifeiro\/","title":{"rendered":"Subtenente e soldados s\u00e3o capturados por homic\u00eddio de rifeiro"},"content":{"rendered":"\n<p>Um subtenente e quatro soldados da Pol\u00edcia Militar foram capturados na manh\u00e3 desta ter\u00e7a-feira (31), durante a segunda fase da &#8216;Opera\u00e7\u00e3o Salobro&#8217;, deflagrada pela Secretaria da Seguran\u00e7a P\u00fablica, Corregedoria da PM, Pol\u00edcia Federal e Minist\u00e9rio P\u00fablico.<\/p>\n\n\n\n<p>A a\u00e7\u00e3o foi desencadeada nos munic\u00edpios de Feira de Santana, Ant\u00f4nio Cardoso e Santo Estev\u00e3o.<\/p>\n\n\n\n<p>Quatro pistolas, 238 muni\u00e7\u00f5es de diversos calibres, sete celulares, carregadores de pistola, dois notebooks, um tablete, documentos e outros itens foram apreendidos pelas equipes em im\u00f3veis ligados ao grupo.<\/p>\n\n\n\n<p>Participaram da a\u00e7\u00e3o equipes da For\u00e7a Correcional Especial Integrada (Force) da Corregedoria Geral da SSP, da PM, da PF e do MP.<\/p>\n\n\n\n<p><strong>Crime<\/strong><\/p>\n\n\n\n<p>Os policiais eram investigados pelo homic\u00eddio de um rifeiro e roubo de dinheiro, equipamentos de videomonitoramento e outros itens de valor da casa da v\u00edtima. Os crimes aconteceram em setembro de 2022, na zona rural de Santo Estev\u00e3o. Eles tamb\u00e9m invadiram a casa de uma vizinha da v\u00edtima e adulteraram c\u00e2meras e ferramentas de vigil\u00e2ncia.<\/p>\n\n\n\n<p><strong>Primeiro Fase<\/strong><\/p>\n\n\n\n<p>A primeira fase da &#8216;Opera\u00e7\u00e3o Salobro&#8217; foi deflagrada no \u00faltimo m\u00eas e cumpriu mandados de busca.<br>Cinquenta e quatro mil reais em dinheiro, 10 armas, 12 celulares e 261 muni\u00e7\u00f5es foram localizados na primeira fase da a\u00e7\u00e3o integrada.<\/p>\n\n\n\n<p>Fonte: TRBN <\/p>\n","protected":false},"excerpt":{"rendered":"<p>Um subtenente e quatro soldados da Pol\u00edcia Militar foram capturados na manh\u00e3 desta ter\u00e7a-feira (31), durante a segunda fase da &#8216;Opera\u00e7\u00e3o Salobro&#8217;, deflagrada pela Secretaria da Seguran\u00e7a P\u00fablica, Corregedoria da PM, Pol\u00edcia Federal e Minist\u00e9rio P\u00fablico. A a\u00e7\u00e3o foi desencadeada nos munic\u00edpios de Feira de Santana, Ant\u00f4nio Cardoso e Santo Estev\u00e3o. Quatro pistolas, 238 muni\u00e7\u00f5es [&hellip;]<\/p>\n","protected":false},"author":2,"featured_media":5561,"comment_status":"open","ping_status":"open","sticky":false,"template":"","format":"standard","meta":{"footnotes":""},"categories":[105],"tags":[],"class_list":["post-5560","post","type-post","status-publish","format-standard","has-post-thumbnail","hentry","category-policia"],"_links":{"self":[{"href":"https:\/\/salvadoracontece.com.br\/index.php\/wp-json\/wp\/v2\/posts\/5560","targetHints":{"allow":["GET"]}}],"collection":[{"href":"https:\/\/salvadoracontece.com.br\/index.php\/wp-json\/wp\/v2\/posts"}],"about":[{"href":"https:\/\/salvadoracontece.com.br\/index.php\/wp-json\/wp\/v2\/types\/post"}],"author":[{"embeddable":true,"href":"https:\/\/salvadoracontece.com.br\/index.php\/wp-json\/wp\/v2\/users\/2"}],"replies":[{"embeddable":true,"href":"https:\/\/salvadoracontece.com.br\/index.php\/wp-json\/wp\/v2\/comments?post=5560"}],"version-history":[{"count":1,"href":"https:\/\/salvadoracontece.com.br\/index.php\/wp-json\/wp\/v2\/posts\/5560\/revisions"}],"predecessor-version":[{"id":5562,"href":"https:\/\/salvadoracontece.com.br\/index.php\/wp-json\/wp\/v2\/posts\/5560\/revisions\/5562"}],"wp:featuredmedia":[{"embeddable":true,"href":"https:\/\/salvadoracontece.com.br\/index.php\/wp-json\/wp\/v2\/media\/5561"}],"wp:attachment":[{"href":"https:\/\/salvadoracontece.com.br\/index.php\/wp-json\/wp\/v2\/media?parent=5560"}],"wp:term":[{"taxonomy":"category","embeddable":true,"href":"https:\/\/salvadoracontece.com.br\/index.php\/wp-json\/wp\/v2\/categories?post=5560"},{"taxonomy":"post_tag","embeddable":true,"href":"https:\/\/salvadoracontece.com.br\/index.php\/wp-json\/wp\/v2\/tags?post=5560"}],"curies":[{"name":"wp","href":"https:\/\/api.w.org\/{rel}","templated":true}]}}