{"id":5567,"date":"2023-10-31T14:03:33","date_gmt":"2023-10-31T17:03:33","guid":{"rendered":"https:\/\/salvadoracontece.com.br\/?p=5567"},"modified":"2023-10-31T14:03:35","modified_gmt":"2023-10-31T17:03:35","slug":"atual-procuradora-geral-do-mp-ba-norma-cavalcanti-toma-posse-como-procuradora-de-justica","status":"publish","type":"post","link":"https:\/\/salvadoracontece.com.br\/index.php\/2023\/10\/31\/atual-procuradora-geral-do-mp-ba-norma-cavalcanti-toma-posse-como-procuradora-de-justica\/","title":{"rendered":"Atual procuradora-geral do MP-BA, Norma Cavalcanti toma posse como procuradora de Justi\u00e7a"},"content":{"rendered":"\n<p>A promotora de Justi\u00e7a Norma Cavalcanti, atual procuradora-geral do Minist\u00e9rio P\u00fablico estadual, tomou posse nesta segunda-feira (30), no cargo de procuradora de Justi\u00e7a. Depois de atuar por mais de 30 anos como promotora, a partir de mar\u00e7o de 2024, quando deixa a chefia da institui\u00e7\u00e3o, ela passar\u00e1 a defender a sociedade na segunda inst\u00e2ncia, perante o Tribunal de Justi\u00e7a da Bahia (TJ-BA). Norma Cavalcanti foi promovida, no \u00faltimo dia 17, por unanimidade pelo Conselho Superior do MP baiano pelo crit\u00e9rio de merecimento.<\/p>\n\n\n\n<p>\u201cChego ao \u00e1pice da carreira andando por caminhos retil\u00edneos, trabalhando para servir \u00e0 popula\u00e7\u00e3o. Assumo o novo cargo encorajada pelos mesmos prop\u00f3sitos com os quais ingressei no Minist\u00e9rio P\u00fablico h\u00e1 31 anos. Tenho honra de fazer parte do MP brasileiro e tenho disposi\u00e7\u00e3o para enfrentar todos os desafios. Ainda tenho sonhos e coragem para trabalhar por um MP forte, na defesa do regime democr\u00e1tico e do ordenamento jur\u00eddico, buscando a efetiva implementa\u00e7\u00e3o de pol\u00edticas p\u00fablicas, o atendimento \u00e0s demandas da sociedade baiana e brasileira, e a real observ\u00e2ncia dos direitos e garantias constitucionais. \u00c9 esse o valoroso servi\u00e7o que devemos prestar \u00e0 popula\u00e7\u00e3o\u201d, disse em seu discurso.&nbsp;<\/p>\n\n\n\n<p>Ela destacou que seguir\u00e1 \u201cguiada pela inabal\u00e1vel fidelidade ao interesse p\u00fablico e \u00e0 Carta Magna que nos premiou com dois pilares important\u00edssimos: a independ\u00eancia funcional e a unidade\u201d. \u201cDevemos buscar inspira\u00e7\u00e3o na unidade do Minist\u00e9rio P\u00fablico brasileiro, sabedores que os esfor\u00e7os de todos os integrantes da nossa Institui\u00e7\u00e3o igualam-se na disposi\u00e7\u00e3o do servir\u201d, afirmou.<\/p>\n\n\n<div class=\"wp-block-image\">\n<figure class=\"aligncenter\"><img decoding=\"async\" src=\"https:\/\/www.bahianoticias.com.br\/fotos\/justica_noticias\/68459\/mg\/posse_norma-cavalcanti.3.jpg\" alt=\"\"\/><\/figure><\/div>\n\n\n<p>Na sauda\u00e7\u00e3o de acolhimento da nova integrante ao Col\u00e9gio de Procuradores, a corregedora-geral do MP, Cleonice de Souza Lima, em nome do \u00f3rg\u00e3o, afirmou que Norma Cavalcanti \u201ccarrega o ethos do guerreiro\u201d, citando livro de Steven Pressfield.&nbsp;<\/p>\n\n\n\n<p>\u201cTrajet\u00f3ria inigual\u00e1vel. Somos aben\u00e7oados porque Norma pertence ao Minist\u00e9rio P\u00fablico do Estado da Bahia. Sua trajet\u00f3ria carrega a marca do trabalho e da luta pol\u00edtica\u201d, afirmou. O presidente da Associa\u00e7\u00e3o do Minist\u00e9rio P\u00fablico do Estado da Bahia (Ampeb), Marcelo Miranda, tamb\u00e9m destacou a trajet\u00f3ria de lideran\u00e7a de Norma Cavalcanti. \u201c\u00c9 uma refer\u00eancia, principalmente como lideran\u00e7a classista. Saber que \u00e9 voc\u00ea que est\u00e1 defendendo a sociedade, a nossa classe, \u00e9 saber que estamos em boas m\u00e3os\u201d, afirmou.<\/p>\n\n\n\n<p>Natural de Inhambupe, Norma Cavalcanti ingressou no Minist\u00e9rio P\u00fablico da Bahia em 1992. Foi promotora de Justi\u00e7a em Ibitiara, Araci, C\u00edcero Dantas e Alagoinhas, sendo promovida para Salvador em 1999. Coordenou o Centro de Apoio Operacional \u00e0s Promotorias de Justi\u00e7a Criminais (Caocrim) e presidiu a Ampeb, por tr\u00eas vezes, a Associa\u00e7\u00e3o Nacional dos Membros do Minist\u00e9rio P\u00fablico (Conamp), por duas e mais recentemente, por um ano (2022-2023), o Conselho Nacional dos Procuradores-Gerais do Minist\u00e9rio P\u00fablico dos Estados e da Uni\u00e3o (CNPG).<\/p>\n\n\n\n<p>Fonte: Bahia Not\u00edcias <\/p>\n","protected":false},"excerpt":{"rendered":"<p>A promotora de Justi\u00e7a Norma Cavalcanti, atual procuradora-geral do Minist\u00e9rio P\u00fablico estadual, tomou posse nesta segunda-feira (30), no cargo de procuradora de Justi\u00e7a. Depois de atuar por mais de 30 anos como promotora, a partir de mar\u00e7o de 2024, quando deixa a chefia da institui\u00e7\u00e3o, ela passar\u00e1 a defender a sociedade na segunda inst\u00e2ncia, perante [&hellip;]<\/p>\n","protected":false},"author":2,"featured_media":5568,"comment_status":"open","ping_status":"open","sticky":false,"template":"","format":"standard","meta":{"footnotes":""},"categories":[108],"tags":[],"class_list":["post-5567","post","type-post","status-publish","format-standard","has-post-thumbnail","hentry","category-justica"],"_links":{"self":[{"href":"https:\/\/salvadoracontece.com.br\/index.php\/wp-json\/wp\/v2\/posts\/5567","targetHints":{"allow":["GET"]}}],"collection":[{"href":"https:\/\/salvadoracontece.com.br\/index.php\/wp-json\/wp\/v2\/posts"}],"about":[{"href":"https:\/\/salvadoracontece.com.br\/index.php\/wp-json\/wp\/v2\/types\/post"}],"author":[{"embeddable":true,"href":"https:\/\/salvadoracontece.com.br\/index.php\/wp-json\/wp\/v2\/users\/2"}],"replies":[{"embeddable":true,"href":"https:\/\/salvadoracontece.com.br\/index.php\/wp-json\/wp\/v2\/comments?post=5567"}],"version-history":[{"count":1,"href":"https:\/\/salvadoracontece.com.br\/index.php\/wp-json\/wp\/v2\/posts\/5567\/revisions"}],"predecessor-version":[{"id":5569,"href":"https:\/\/salvadoracontece.com.br\/index.php\/wp-json\/wp\/v2\/posts\/5567\/revisions\/5569"}],"wp:featuredmedia":[{"embeddable":true,"href":"https:\/\/salvadoracontece.com.br\/index.php\/wp-json\/wp\/v2\/media\/5568"}],"wp:attachment":[{"href":"https:\/\/salvadoracontece.com.br\/index.php\/wp-json\/wp\/v2\/media?parent=5567"}],"wp:term":[{"taxonomy":"category","embeddable":true,"href":"https:\/\/salvadoracontece.com.br\/index.php\/wp-json\/wp\/v2\/categories?post=5567"},{"taxonomy":"post_tag","embeddable":true,"href":"https:\/\/salvadoracontece.com.br\/index.php\/wp-json\/wp\/v2\/tags?post=5567"}],"curies":[{"name":"wp","href":"https:\/\/api.w.org\/{rel}","templated":true}]}}