{"id":5570,"date":"2023-10-31T14:21:07","date_gmt":"2023-10-31T17:21:07","guid":{"rendered":"https:\/\/salvadoracontece.com.br\/?p=5570"},"modified":"2023-10-31T14:21:09","modified_gmt":"2023-10-31T17:21:09","slug":"pessoas-levam-golpe-do-falso-ingresso-para-tardezinha-em-salvador","status":"publish","type":"post","link":"https:\/\/salvadoracontece.com.br\/index.php\/2023\/10\/31\/pessoas-levam-golpe-do-falso-ingresso-para-tardezinha-em-salvador\/","title":{"rendered":"Pessoas levam golpe do falso ingresso para Tardezinha em Salvador"},"content":{"rendered":"\n<p>Um grupo de pelo menos 15 pessoas foi v\u00edtima de uma falsa venda de ingressos para o Tardezinha, show de Thiaguinho, que\u00a0aconteceu em Salvador no \u00faltimo final de semana.<\/p>\n\n\n\n<p>Uma das v\u00edtimas revelou em entrevista para a TV Bahia que soube da venda por meio de uma promoter, que a indicou a p\u00e1gina de vendas do Instagram, onde eram feitos os an\u00fancios.<\/p>\n\n\n\n<p>Os ingressos em site oficial de vendas custava em m\u00e9dia R$500, mas os\u00a0ingressos falsos\u00a0eram vendidos por R$250. &#8220;N\u00e3o estranhei os valores serem um pouco abaixo do que estavam sendo praticados pela bilheteria do evento&#8221;, disse a mulher.<\/p>\n\n\n\n<p>A jovem afirmou ter preenchido um question\u00e1rio e feito um pix para um jovem menor de idade, o que s\u00f3 foi descoberto depois. Ao questionar a promoter, ela recebeu a resposta de que existia uma lista de convidados, que tamb\u00e9m era falsa.<\/p>\n\n\n\n<p>De acordo com o advogado Cl\u00e9ber Andrade, que defende as v\u00edtimas, os respons\u00e1veis podem responder pelo crime de estelionato, a princ\u00edpio.<\/p>\n\n\n\n<p>Ele ainda afirmou que as v\u00edtimas registraram ocorr\u00eancia policial e agora est\u00e3o aguardando a apura\u00e7\u00e3o e distribui\u00e7\u00e3o para uma autoridade policial para presidir esse inqu\u00e9rito.<\/p>\n\n\n\n<p>Assessoria do Tardezinha se pronunciou e afirmou que s\u00f3 vende ingressos pelos canais oficiais.<\/p>\n\n\n\n<p>Fonte: iBahia <\/p>\n","protected":false},"excerpt":{"rendered":"<p>Um grupo de pelo menos 15 pessoas foi v\u00edtima de uma falsa venda de ingressos para o Tardezinha, show de Thiaguinho, que\u00a0aconteceu em Salvador no \u00faltimo final de semana. Uma das v\u00edtimas revelou em entrevista para a TV Bahia que soube da venda por meio de uma promoter, que a indicou a p\u00e1gina de vendas [&hellip;]<\/p>\n","protected":false},"author":2,"featured_media":5571,"comment_status":"open","ping_status":"open","sticky":false,"template":"","format":"standard","meta":{"footnotes":""},"categories":[85],"tags":[],"class_list":["post-5570","post","type-post","status-publish","format-standard","has-post-thumbnail","hentry","category-noticias"],"_links":{"self":[{"href":"https:\/\/salvadoracontece.com.br\/index.php\/wp-json\/wp\/v2\/posts\/5570","targetHints":{"allow":["GET"]}}],"collection":[{"href":"https:\/\/salvadoracontece.com.br\/index.php\/wp-json\/wp\/v2\/posts"}],"about":[{"href":"https:\/\/salvadoracontece.com.br\/index.php\/wp-json\/wp\/v2\/types\/post"}],"author":[{"embeddable":true,"href":"https:\/\/salvadoracontece.com.br\/index.php\/wp-json\/wp\/v2\/users\/2"}],"replies":[{"embeddable":true,"href":"https:\/\/salvadoracontece.com.br\/index.php\/wp-json\/wp\/v2\/comments?post=5570"}],"version-history":[{"count":1,"href":"https:\/\/salvadoracontece.com.br\/index.php\/wp-json\/wp\/v2\/posts\/5570\/revisions"}],"predecessor-version":[{"id":5572,"href":"https:\/\/salvadoracontece.com.br\/index.php\/wp-json\/wp\/v2\/posts\/5570\/revisions\/5572"}],"wp:featuredmedia":[{"embeddable":true,"href":"https:\/\/salvadoracontece.com.br\/index.php\/wp-json\/wp\/v2\/media\/5571"}],"wp:attachment":[{"href":"https:\/\/salvadoracontece.com.br\/index.php\/wp-json\/wp\/v2\/media?parent=5570"}],"wp:term":[{"taxonomy":"category","embeddable":true,"href":"https:\/\/salvadoracontece.com.br\/index.php\/wp-json\/wp\/v2\/categories?post=5570"},{"taxonomy":"post_tag","embeddable":true,"href":"https:\/\/salvadoracontece.com.br\/index.php\/wp-json\/wp\/v2\/tags?post=5570"}],"curies":[{"name":"wp","href":"https:\/\/api.w.org\/{rel}","templated":true}]}}