{"id":5577,"date":"2023-10-31T15:29:06","date_gmt":"2023-10-31T18:29:06","guid":{"rendered":"https:\/\/salvadoracontece.com.br\/?p=5577"},"modified":"2023-10-31T15:29:07","modified_gmt":"2023-10-31T18:29:07","slug":"governo-quer-contratar-emprestimo-de-r-16-bi-junto-ao-banco-do-brasil","status":"publish","type":"post","link":"https:\/\/salvadoracontece.com.br\/index.php\/2023\/10\/31\/governo-quer-contratar-emprestimo-de-r-16-bi-junto-ao-banco-do-brasil\/","title":{"rendered":"Governo quer contratar empr\u00e9stimo de R$ 1,6 bi junto ao Banco do Brasil"},"content":{"rendered":"\n<p>O governador Jer\u00f4nimo Rodrigues enviou \u00e0 Assembleia Legislativa da Bahia (ALBA) Projeto de Lei n\u00ba 25092\/2023 que autoriza o Poder Executivo a contratar opera\u00e7\u00e3o de cr\u00e9dito interno junto ao Banco do Brasil S.A., com a garantia da Uni\u00e3o. Na mensagem, endere\u00e7ada ao presidente em exerc\u00edcio do Legislativo, deputado Z\u00e9 Raimundo Fontes (PT), o chefe do Executivo pediu tramita\u00e7\u00e3o de urg\u00eancia para a mat\u00e9ria.&nbsp;<\/p>\n\n\n\n<p>Conforme consta no projeto de lei, o empr\u00e9stimo pretendido pelo Poder Executivo \u00e9 de R$ 1,6 bilh\u00e3o. A proposi\u00e7\u00e3o tem por finalidade \u201ca viabiliza\u00e7\u00e3o de investimentos previstos no Plano Plurianual e nos Or\u00e7amentos anuais do Estado, nas \u00e1reas de infraestrutura vi\u00e1ria e h\u00eddrica, mobilidade urbana e fortalecimento de fundo garantidor, refor\u00e7ando o compromisso do Governo com o desenvolvimento econ\u00f4mico e social do Estado\u201d.<\/p>\n\n\n\n<p>Fonte: TRBN <\/p>\n","protected":false},"excerpt":{"rendered":"<p>O governador Jer\u00f4nimo Rodrigues enviou \u00e0 Assembleia Legislativa da Bahia (ALBA) Projeto de Lei n\u00ba 25092\/2023 que autoriza o Poder Executivo a contratar opera\u00e7\u00e3o de cr\u00e9dito interno junto ao Banco do Brasil S.A., com a garantia da Uni\u00e3o. Na mensagem, endere\u00e7ada ao presidente em exerc\u00edcio do Legislativo, deputado Z\u00e9 Raimundo Fontes (PT), o chefe do [&hellip;]<\/p>\n","protected":false},"author":2,"featured_media":5578,"comment_status":"open","ping_status":"open","sticky":false,"template":"","format":"standard","meta":{"footnotes":""},"categories":[91],"tags":[],"class_list":["post-5577","post","type-post","status-publish","format-standard","has-post-thumbnail","hentry","category-politica"],"_links":{"self":[{"href":"https:\/\/salvadoracontece.com.br\/index.php\/wp-json\/wp\/v2\/posts\/5577","targetHints":{"allow":["GET"]}}],"collection":[{"href":"https:\/\/salvadoracontece.com.br\/index.php\/wp-json\/wp\/v2\/posts"}],"about":[{"href":"https:\/\/salvadoracontece.com.br\/index.php\/wp-json\/wp\/v2\/types\/post"}],"author":[{"embeddable":true,"href":"https:\/\/salvadoracontece.com.br\/index.php\/wp-json\/wp\/v2\/users\/2"}],"replies":[{"embeddable":true,"href":"https:\/\/salvadoracontece.com.br\/index.php\/wp-json\/wp\/v2\/comments?post=5577"}],"version-history":[{"count":1,"href":"https:\/\/salvadoracontece.com.br\/index.php\/wp-json\/wp\/v2\/posts\/5577\/revisions"}],"predecessor-version":[{"id":5579,"href":"https:\/\/salvadoracontece.com.br\/index.php\/wp-json\/wp\/v2\/posts\/5577\/revisions\/5579"}],"wp:featuredmedia":[{"embeddable":true,"href":"https:\/\/salvadoracontece.com.br\/index.php\/wp-json\/wp\/v2\/media\/5578"}],"wp:attachment":[{"href":"https:\/\/salvadoracontece.com.br\/index.php\/wp-json\/wp\/v2\/media?parent=5577"}],"wp:term":[{"taxonomy":"category","embeddable":true,"href":"https:\/\/salvadoracontece.com.br\/index.php\/wp-json\/wp\/v2\/categories?post=5577"},{"taxonomy":"post_tag","embeddable":true,"href":"https:\/\/salvadoracontece.com.br\/index.php\/wp-json\/wp\/v2\/tags?post=5577"}],"curies":[{"name":"wp","href":"https:\/\/api.w.org\/{rel}","templated":true}]}}