{"id":5580,"date":"2023-10-31T15:36:56","date_gmt":"2023-10-31T18:36:56","guid":{"rendered":"https:\/\/salvadoracontece.com.br\/?p=5580"},"modified":"2023-10-31T15:36:58","modified_gmt":"2023-10-31T18:36:58","slug":"acusado-e-preso-por-desmatar-area-de-3-hectares-na-chapada-diamantina-motosserra-e-apreendida","status":"publish","type":"post","link":"https:\/\/salvadoracontece.com.br\/index.php\/2023\/10\/31\/acusado-e-preso-por-desmatar-area-de-3-hectares-na-chapada-diamantina-motosserra-e-apreendida\/","title":{"rendered":"Acusado \u00e9 preso por desmatar \u00e1rea de 3 hectares na Chapada Diamantina; motosserra \u00e9 apreendida"},"content":{"rendered":"\n<p>Um homem foi preso nesta segunda-feira (30) em\u00a0Morro do Chap\u00e9u, na Chapada Diamantina, acusado de desmatamento. Segundo a Pol\u00edcia Militar (PM-BA), foram identificadas quase tr\u00eas hectares de \u00e1rea desmatada em um local a 500 metros de um espa\u00e7o onde houve uma infra\u00e7\u00e3o anterior.<\/p>\n\n\n\n<p>Com o homem, os policiais apreenderam uma motosserra, um motor a diesel e uma bancada de beneficiamento de madeira. A a\u00e7\u00e3o foi feita por uma equipe da Companhia Independente de Pol\u00edcia de Prote\u00e7\u00e3o Ambiental (Cippa) Len\u00e7\u00f3is.<\/p>\n\n\n\n<p>O homem e o material apreendido foram apresentados na delegacia de Morro do Chap\u00e9u.\u00a0<\/p>\n\n\n\n<p>Fonte: Bahia Not\u00edcias <\/p>\n","protected":false},"excerpt":{"rendered":"<p>Um homem foi preso nesta segunda-feira (30) em\u00a0Morro do Chap\u00e9u, na Chapada Diamantina, acusado de desmatamento. Segundo a Pol\u00edcia Militar (PM-BA), foram identificadas quase tr\u00eas hectares de \u00e1rea desmatada em um local a 500 metros de um espa\u00e7o onde houve uma infra\u00e7\u00e3o anterior. Com o homem, os policiais apreenderam uma motosserra, um motor a diesel [&hellip;]<\/p>\n","protected":false},"author":2,"featured_media":5581,"comment_status":"open","ping_status":"open","sticky":false,"template":"","format":"standard","meta":{"footnotes":""},"categories":[85],"tags":[],"class_list":["post-5580","post","type-post","status-publish","format-standard","has-post-thumbnail","hentry","category-noticias"],"_links":{"self":[{"href":"https:\/\/salvadoracontece.com.br\/index.php\/wp-json\/wp\/v2\/posts\/5580","targetHints":{"allow":["GET"]}}],"collection":[{"href":"https:\/\/salvadoracontece.com.br\/index.php\/wp-json\/wp\/v2\/posts"}],"about":[{"href":"https:\/\/salvadoracontece.com.br\/index.php\/wp-json\/wp\/v2\/types\/post"}],"author":[{"embeddable":true,"href":"https:\/\/salvadoracontece.com.br\/index.php\/wp-json\/wp\/v2\/users\/2"}],"replies":[{"embeddable":true,"href":"https:\/\/salvadoracontece.com.br\/index.php\/wp-json\/wp\/v2\/comments?post=5580"}],"version-history":[{"count":1,"href":"https:\/\/salvadoracontece.com.br\/index.php\/wp-json\/wp\/v2\/posts\/5580\/revisions"}],"predecessor-version":[{"id":5582,"href":"https:\/\/salvadoracontece.com.br\/index.php\/wp-json\/wp\/v2\/posts\/5580\/revisions\/5582"}],"wp:featuredmedia":[{"embeddable":true,"href":"https:\/\/salvadoracontece.com.br\/index.php\/wp-json\/wp\/v2\/media\/5581"}],"wp:attachment":[{"href":"https:\/\/salvadoracontece.com.br\/index.php\/wp-json\/wp\/v2\/media?parent=5580"}],"wp:term":[{"taxonomy":"category","embeddable":true,"href":"https:\/\/salvadoracontece.com.br\/index.php\/wp-json\/wp\/v2\/categories?post=5580"},{"taxonomy":"post_tag","embeddable":true,"href":"https:\/\/salvadoracontece.com.br\/index.php\/wp-json\/wp\/v2\/tags?post=5580"}],"curies":[{"name":"wp","href":"https:\/\/api.w.org\/{rel}","templated":true}]}}