{"id":5731,"date":"2023-11-08T11:13:24","date_gmt":"2023-11-08T14:13:24","guid":{"rendered":"https:\/\/salvadoracontece.com.br\/?p=5731"},"modified":"2023-11-08T11:13:26","modified_gmt":"2023-11-08T14:13:26","slug":"torcedor-do-psg-e-esfaqueado-apos-briga-com-torcida-do-milan-antes-de-jogo","status":"publish","type":"post","link":"https:\/\/salvadoracontece.com.br\/index.php\/2023\/11\/08\/torcedor-do-psg-e-esfaqueado-apos-briga-com-torcida-do-milan-antes-de-jogo\/","title":{"rendered":"Torcedor do PSG \u00e9 esfaqueado ap\u00f3s briga com torcida do Milan antes de jogo"},"content":{"rendered":"\n<p>Na madrugada desta ter\u00e7a-feira(07), um torcedor do Paris Saint Germain foi agredido por um grupo de torcedores do Milan, horas antes do duelo das duas equipes, em Mil\u00e3o, v\u00e1lido pela Uefa Champions League.<\/p>\n\n\n\n<p>O torcedor da equipe francesa, que n\u00e3o teve a identidade revelada, foi gravemente ferido com duas facadas na perna e rapidamente hospitalizado, segundo a pol\u00edcia.<\/p>\n\n\n\n<p>Testemunhas relataram que houve um confronto entre quase 50 torcedores do Milan e torcedores do PSG no bairro de Navigli.<\/p>\n\n\n\n<p>Fonte: Varela Net <\/p>\n","protected":false},"excerpt":{"rendered":"<p>Na madrugada desta ter\u00e7a-feira(07), um torcedor do Paris Saint Germain foi agredido por um grupo de torcedores do Milan, horas antes do duelo das duas equipes, em Mil\u00e3o, v\u00e1lido pela Uefa Champions League. O torcedor da equipe francesa, que n\u00e3o teve a identidade revelada, foi gravemente ferido com duas facadas na perna e rapidamente hospitalizado, [&hellip;]<\/p>\n","protected":false},"author":2,"featured_media":5732,"comment_status":"open","ping_status":"open","sticky":false,"template":"","format":"standard","meta":{"footnotes":""},"categories":[89],"tags":[],"class_list":["post-5731","post","type-post","status-publish","format-standard","has-post-thumbnail","hentry","category-esportes"],"_links":{"self":[{"href":"https:\/\/salvadoracontece.com.br\/index.php\/wp-json\/wp\/v2\/posts\/5731","targetHints":{"allow":["GET"]}}],"collection":[{"href":"https:\/\/salvadoracontece.com.br\/index.php\/wp-json\/wp\/v2\/posts"}],"about":[{"href":"https:\/\/salvadoracontece.com.br\/index.php\/wp-json\/wp\/v2\/types\/post"}],"author":[{"embeddable":true,"href":"https:\/\/salvadoracontece.com.br\/index.php\/wp-json\/wp\/v2\/users\/2"}],"replies":[{"embeddable":true,"href":"https:\/\/salvadoracontece.com.br\/index.php\/wp-json\/wp\/v2\/comments?post=5731"}],"version-history":[{"count":1,"href":"https:\/\/salvadoracontece.com.br\/index.php\/wp-json\/wp\/v2\/posts\/5731\/revisions"}],"predecessor-version":[{"id":5733,"href":"https:\/\/salvadoracontece.com.br\/index.php\/wp-json\/wp\/v2\/posts\/5731\/revisions\/5733"}],"wp:featuredmedia":[{"embeddable":true,"href":"https:\/\/salvadoracontece.com.br\/index.php\/wp-json\/wp\/v2\/media\/5732"}],"wp:attachment":[{"href":"https:\/\/salvadoracontece.com.br\/index.php\/wp-json\/wp\/v2\/media?parent=5731"}],"wp:term":[{"taxonomy":"category","embeddable":true,"href":"https:\/\/salvadoracontece.com.br\/index.php\/wp-json\/wp\/v2\/categories?post=5731"},{"taxonomy":"post_tag","embeddable":true,"href":"https:\/\/salvadoracontece.com.br\/index.php\/wp-json\/wp\/v2\/tags?post=5731"}],"curies":[{"name":"wp","href":"https:\/\/api.w.org\/{rel}","templated":true}]}}