{"id":5735,"date":"2023-11-08T11:38:12","date_gmt":"2023-11-08T14:38:12","guid":{"rendered":"https:\/\/salvadoracontece.com.br\/?p=5735"},"modified":"2023-11-08T11:38:14","modified_gmt":"2023-11-08T14:38:14","slug":"rodoviarios-de-salvador-podem-entrar-em-greve-apos-reuniao-na-segunda-feira","status":"publish","type":"post","link":"https:\/\/salvadoracontece.com.br\/index.php\/2023\/11\/08\/rodoviarios-de-salvador-podem-entrar-em-greve-apos-reuniao-na-segunda-feira\/","title":{"rendered":"Rodovi\u00e1rios de Salvador podem entrar em greve ap\u00f3s reuni\u00e3o na segunda-feira"},"content":{"rendered":"\n<p>Uma reuni\u00e3o marcada para a pr\u00f3xima segunda-feira (14), \u00e0s 9h30, na sede da Superintend\u00eancia Regional do Trabalho e Emprego (SRTE)&nbsp;vai definir se a greve geral dos rodovi\u00e1rios de Salvador acontecer\u00e1 na pr\u00f3xima ter\u00e7a-feira (14).<\/p>\n\n\n\n<p>O presidente do Sindicato dos Rodovi\u00e1rios, H\u00e9lio Ferreira, informou que n\u00e3o ocorreram avan\u00e7os no processo de negocia\u00e7\u00e3o mediado pelo Minist\u00e9rio P\u00fablico do Trabalho (MPT). &#8220;Eles (empres\u00e1rios) permanecem irredut\u00edveis. E diante dessa postura, n\u00e3o h\u00e1 outra solu\u00e7\u00e3o a n\u00e3o ser cruzar os bra\u00e7os&#8221;.&nbsp;<\/p>\n\n\n\n<p>De acordo com Jorge Castro, que representa as empresas, as den\u00fancias feitas pelos rodovi\u00e1rios de que os cobradores estariam sendo substitu\u00eddos por jovens aprendizes e sobre a falta de transporte para os trabalhadores que atuam durante a madrugada n\u00e3o procedem. No entanto, ele assumiu o atraso no dep\u00f3sito do Fundo de Garantia (FGTS) e no fornecimento do fardamento. Ainda segundo ele, o sistema de transporte tem enfrentado dificuldades financeiras, o que dificulta o cumprimento de acordos formados na conven\u00e7\u00e3o coletiva.<\/p>\n\n\n\n<p>Fonte: Varela Net <\/p>\n","protected":false},"excerpt":{"rendered":"<p>Uma reuni\u00e3o marcada para a pr\u00f3xima segunda-feira (14), \u00e0s 9h30, na sede da Superintend\u00eancia Regional do Trabalho e Emprego (SRTE)&nbsp;vai definir se a greve geral dos rodovi\u00e1rios de Salvador acontecer\u00e1 na pr\u00f3xima ter\u00e7a-feira (14). O presidente do Sindicato dos Rodovi\u00e1rios, H\u00e9lio Ferreira, informou que n\u00e3o ocorreram avan\u00e7os no processo de negocia\u00e7\u00e3o mediado pelo Minist\u00e9rio P\u00fablico [&hellip;]<\/p>\n","protected":false},"author":2,"featured_media":5736,"comment_status":"open","ping_status":"open","sticky":false,"template":"","format":"standard","meta":{"footnotes":""},"categories":[85],"tags":[],"class_list":["post-5735","post","type-post","status-publish","format-standard","has-post-thumbnail","hentry","category-noticias"],"_links":{"self":[{"href":"https:\/\/salvadoracontece.com.br\/index.php\/wp-json\/wp\/v2\/posts\/5735","targetHints":{"allow":["GET"]}}],"collection":[{"href":"https:\/\/salvadoracontece.com.br\/index.php\/wp-json\/wp\/v2\/posts"}],"about":[{"href":"https:\/\/salvadoracontece.com.br\/index.php\/wp-json\/wp\/v2\/types\/post"}],"author":[{"embeddable":true,"href":"https:\/\/salvadoracontece.com.br\/index.php\/wp-json\/wp\/v2\/users\/2"}],"replies":[{"embeddable":true,"href":"https:\/\/salvadoracontece.com.br\/index.php\/wp-json\/wp\/v2\/comments?post=5735"}],"version-history":[{"count":1,"href":"https:\/\/salvadoracontece.com.br\/index.php\/wp-json\/wp\/v2\/posts\/5735\/revisions"}],"predecessor-version":[{"id":5737,"href":"https:\/\/salvadoracontece.com.br\/index.php\/wp-json\/wp\/v2\/posts\/5735\/revisions\/5737"}],"wp:featuredmedia":[{"embeddable":true,"href":"https:\/\/salvadoracontece.com.br\/index.php\/wp-json\/wp\/v2\/media\/5736"}],"wp:attachment":[{"href":"https:\/\/salvadoracontece.com.br\/index.php\/wp-json\/wp\/v2\/media?parent=5735"}],"wp:term":[{"taxonomy":"category","embeddable":true,"href":"https:\/\/salvadoracontece.com.br\/index.php\/wp-json\/wp\/v2\/categories?post=5735"},{"taxonomy":"post_tag","embeddable":true,"href":"https:\/\/salvadoracontece.com.br\/index.php\/wp-json\/wp\/v2\/tags?post=5735"}],"curies":[{"name":"wp","href":"https:\/\/api.w.org\/{rel}","templated":true}]}}