{"id":6101,"date":"2023-11-20T16:20:41","date_gmt":"2023-11-20T19:20:41","guid":{"rendered":"https:\/\/salvadoracontece.com.br\/?p=6101"},"modified":"2023-11-20T16:20:43","modified_gmt":"2023-11-20T19:20:43","slug":"hemoba-celebra-semana-nacional-do-doador-de-sangue-solidariedade-nao-tem-preco","status":"publish","type":"post","link":"https:\/\/salvadoracontece.com.br\/index.php\/2023\/11\/20\/hemoba-celebra-semana-nacional-do-doador-de-sangue-solidariedade-nao-tem-preco\/","title":{"rendered":"Hemoba celebra Semana Nacional do Doador de Sangue: Solidariedade n\u00e3o tem pre\u00e7o"},"content":{"rendered":"\n<p>Atrav\u00e9s da Campanha &#8220;Solidariedade n\u00e3o tem pre\u00e7o&#8221;, a Hemoba comemora o Dia Nacional do Doador de Sangue no dia 25 de novembro, com o objetivo de agradecer todos os volunt\u00e1rios pelo nobre gesto de doar sangue de maneira solid\u00e1ria e altru\u00edsta.&nbsp;<\/p>\n\n\n\n<p>Nesta segunda-feira (20) come\u00e7a a Semana Nacional do Doador, ela vai at\u00e9 o s\u00e1bado (25), a Funda\u00e7\u00e3o vai promover diversas atividades em suas unidades de coleta na capital e no interior da Bahia, em colabora\u00e7\u00e3o com artistas, influenciadores digitais, empresas e institui\u00e7\u00f5es. Todos est\u00e3o juntos pelo prop\u00f3sito de sensibilizar e mobilizar a popula\u00e7\u00e3o para a import\u00e2ncia da doa\u00e7\u00e3o de sangue.<\/p>\n\n\n\n<p>No dia 25, a sede da Hemoba e as unidades de Barreiras, Feira de Santana, Ribeira do Pombal, Cama\u00e7ari, Vit\u00f3ria da Conquista, Senhor do Bonfim, Guanambi, Juazeiro, Irec\u00ea, Brumado, Alagoinhas e Eun\u00e1polis participar\u00e3o do Sabad\u00e3o Solid\u00e1rio, recebendo grupos de doadores previamente agendados. A Timbalada ser\u00e1 a embaixadora da Semana Nacional do Doador deste ano, contribuindo com a grava\u00e7\u00e3o do videoclipe e jingle da campanha, elaborados por Buja Ferreira, vocalista da banda, e Samuca Cabral, compositor e produtor musical.<\/p>\n\n\n\n<p>Em Salvador, na sede da Hemoba, ocorrer\u00e1 o lan\u00e7amento do videoclipe da campanha, com participa\u00e7\u00f5es especiais da cantora C\u00e1ssia Aguiar, do cantor Ubirajara Azevedo, da Banda de Rock Os Tios, do Coral da Alegria, do Coral da \u00c1gua Viva (Embasa) e da Fanfarra do Col\u00e9gio Estadual Raphael Serravalle. Como cortesia aos doadores, ser\u00e3o oferecidos servi\u00e7os de massagem durante a semana no Hemocentro Coordenador e de limpeza de pele (Mary Kay). Nesse per\u00edodo, as unidades m\u00f3veis de coleta (Hem\u00f3vel) estar\u00e3o no Hospital da Mulher (21 a 24), como parte da a\u00e7\u00e3o &#8220;Seu Gesto Vale Muito&#8221;, no Shopping da Bahia (20 a 23) e no Salvador Shopping (24 e 25).<\/p>\n\n\n\n<p>Para suprir a demanda das unidades hospitalares do estado, a Hemoba conta principalmente com a solidariedade dos doadores de sangue, que realizam esse ato altru\u00edstico sem esperar nada em troca. Em 2022, na Bahia, 157.480 candidatos \u00e0 doa\u00e7\u00e3o foram mobilizados. At\u00e9 outubro deste ano, a Funda\u00e7\u00e3o recebeu 140.323 volunt\u00e1rios, representando um aumento de 8% em rela\u00e7\u00e3o ao mesmo per\u00edodo do ano anterior.<\/p>\n\n\n\n<p>Segundo o Minist\u00e9rio da Sa\u00fade, apenas 1,8% da popula\u00e7\u00e3o doa sangue regularmente, um n\u00famero ligeiramente abaixo dos ideais 2% definidos pela Organiza\u00e7\u00e3o Pan-Americana de Sa\u00fade (OPAS) e muito distante dos 3% a 5% registrados em pa\u00edses europeus. Doa\u00e7\u00f5es frequentes s\u00e3o fundamentais para atender a situa\u00e7\u00f5es de emerg\u00eancia, tratamento de diversas doen\u00e7as hematol\u00f3gicas e c\u00e2ncer, al\u00e9m de cirurgias eletivas de grande porte.<\/p>\n\n\n\n<p>Para ser um doador de sangue, \u00e9 necess\u00e1rio estar em boas condi\u00e7\u00f5es de sa\u00fade, pesar acima de 50 kg e ter idade entre 16 e 69 anos. Menores de 18 anos devem estar acompanhados dos pais ou respons\u00e1vel legal, enquanto os idosos acima de 60 anos podem doar apenas se j\u00e1 tiverem doado anteriormente. No dia da doa\u00e7\u00e3o, \u00e9 importante que o volunt\u00e1rio n\u00e3o esteja em jejum, n\u00e3o tenha consumido bebida alco\u00f3lica nas 12 horas anteriores e n\u00e3o tenha fumado por pelo menos duas horas antes do procedimento. Al\u00e9m disso, recomenda-se evitar alimentos gordurosos nas \u00faltimas 4 horas que antecedem a doa\u00e7\u00e3o. A apresenta\u00e7\u00e3o de um documento com foto emitido por \u00f3rg\u00e3o oficial e v\u00e1lido em todo o territ\u00f3rio nacional \u00e9 necess\u00e1ria para realizar a doa\u00e7\u00e3o.<\/p>\n\n\n\n<p>Veja abaixo a programa\u00e7\u00e3o da Semana Nacional do Doador promovida pela Hemoba em Salvador. Para informa\u00e7\u00f5es sobre as atividades nas unidades do interior do estado, acesse o site do hemocentro:<\/p>\n\n\n\n<p>20\/11 \u2013 segunda-feira<\/p>\n\n\n\n<p>10h \u2013 Cantora C\u00e1ssia Aguiar \/ Voz e viol\u00e3o (sede da Hemoba)<\/p>\n\n\n\n<p>21\/11 &nbsp;\u2013 ter\u00e7a-feira<\/p>\n\n\n\n<p>8h \u2013 Ubirajara Azevedo, Voz e viol\u00e3o \u2013 Guarda Municipal de Salvador (sede da Hemoba)<\/p>\n\n\n\n<p>12h \u2013 Lan\u00e7amento do videoclipe da campanha de doa\u00e7\u00e3o (sede da Hemoba)<\/p>\n\n\n\n<p>22\/11 \u2013 quarta-feira<\/p>\n\n\n\n<p>Manh\u00e3 \u2013 Limpeza de pele (Mary Kay) (sede da Hemoba)<\/p>\n\n\n\n<p>11h \u2013 Fanfarra do Col\u00e9gio Estadual Raphael Serravalle (sede da Hemoba)<\/p>\n\n\n\n<p>23\/11 \u2013 quinta-feira<\/p>\n\n\n\n<p>Manh\u00e3 \u2013 Limpeza de pele (Mary Kay) (Unidades da Hemoba do Hospital Ana Nery e do Hospital Geral Roberto Santos)<\/p>\n\n\n\n<p>11h30 \u2013 Coral da \u00c1gua Viva (Embasa) \u2013 Projeto Cantando por Vidas \u2013 (sede da Hemoba)<\/p>\n\n\n\n<p>24\/11 \u2013 sexta-feira&nbsp;<\/p>\n\n\n\n<p>8h \u2013 Adler Rabelo \u2013 Teclado e Voz (sede da Hemoba)<\/p>\n\n\n\n<p>25\/11 \u2013 s\u00e1bado<\/p>\n\n\n\n<p>10h \u2013 Coral da Alegria (Hem\u00f3vel no Salvador Shopping)<\/p>\n\n\n\n<p>12h \u2013 Banda de Rock \u2018Os Tios\u2019 (sede da Hemoba)<\/p>\n\n\n\n<p>*De 21 a 25\/11 \u2013 Massagem terap\u00eautica \u2013 Alunos do Curso Se7e, t\u00e9cnico profissionalizante em massoterapia (sede da Hemoba).<\/p>\n\n\n\n<p><strong>Unidades de atendimento<\/strong><\/p>\n\n\n\n<p>Em Salvador, as unidades m\u00f3veis de coleta da Hemoba funcionar\u00e3o no Shopping da Bahia, de 20 a 23; no Salvador Shopping, dias 24 e 25, e no Hospital da Mulher, de 21 a 24, das 8h \u00e0s 17h, com intervalo para o almo\u00e7o.&nbsp;<\/p>\n\n\n\n<p>Confira os hor\u00e1rios de atendimento das unidades fixas: Hemocentro Coordenador (sede da Hemoba), de segunda-feira a sexta-feira, das 7h30 \u00e0s 18h30, e aos s\u00e1bados, das 7h30 \u00e0s 16h30; Hospital do Sub\u00farbio, de segunda a sexta-feira, das 7h30 \u00e0s 16h30; Hospital Ana Nery, de segunda a sexta-feira, das 7h30 \u00e0s 12h30; Hospital Roberto Santos, de segunda a sexta-feira, das 8h \u00e0s 12h e das 13h \u00e0s 17h; Hospital Santo Ant\u00f4nio (OSID), de segunda a sexta-feira, das 7h10 \u00e0s 11h30 e das 13h \u00e0s 16h. Para informa\u00e7\u00f5es sobre os hor\u00e1rios de atendimento das 21 unidades de coleta no interior do estado, consulte o site da Hemoba.<\/p>\n\n\n\n<p>Fonte: Varela Net <\/p>\n","protected":false},"excerpt":{"rendered":"<p>Atrav\u00e9s da Campanha &#8220;Solidariedade n\u00e3o tem pre\u00e7o&#8221;, a Hemoba comemora o Dia Nacional do Doador de Sangue no dia 25 de novembro, com o objetivo de agradecer todos os volunt\u00e1rios pelo nobre gesto de doar sangue de maneira solid\u00e1ria e altru\u00edsta.&nbsp; Nesta segunda-feira (20) come\u00e7a a Semana Nacional do Doador, ela vai at\u00e9 o s\u00e1bado [&hellip;]<\/p>\n","protected":false},"author":2,"featured_media":6102,"comment_status":"open","ping_status":"open","sticky":false,"template":"","format":"standard","meta":{"footnotes":""},"categories":[94],"tags":[],"class_list":["post-6101","post","type-post","status-publish","format-standard","has-post-thumbnail","hentry","category-saude-2"],"_links":{"self":[{"href":"https:\/\/salvadoracontece.com.br\/index.php\/wp-json\/wp\/v2\/posts\/6101","targetHints":{"allow":["GET"]}}],"collection":[{"href":"https:\/\/salvadoracontece.com.br\/index.php\/wp-json\/wp\/v2\/posts"}],"about":[{"href":"https:\/\/salvadoracontece.com.br\/index.php\/wp-json\/wp\/v2\/types\/post"}],"author":[{"embeddable":true,"href":"https:\/\/salvadoracontece.com.br\/index.php\/wp-json\/wp\/v2\/users\/2"}],"replies":[{"embeddable":true,"href":"https:\/\/salvadoracontece.com.br\/index.php\/wp-json\/wp\/v2\/comments?post=6101"}],"version-history":[{"count":1,"href":"https:\/\/salvadoracontece.com.br\/index.php\/wp-json\/wp\/v2\/posts\/6101\/revisions"}],"predecessor-version":[{"id":6103,"href":"https:\/\/salvadoracontece.com.br\/index.php\/wp-json\/wp\/v2\/posts\/6101\/revisions\/6103"}],"wp:featuredmedia":[{"embeddable":true,"href":"https:\/\/salvadoracontece.com.br\/index.php\/wp-json\/wp\/v2\/media\/6102"}],"wp:attachment":[{"href":"https:\/\/salvadoracontece.com.br\/index.php\/wp-json\/wp\/v2\/media?parent=6101"}],"wp:term":[{"taxonomy":"category","embeddable":true,"href":"https:\/\/salvadoracontece.com.br\/index.php\/wp-json\/wp\/v2\/categories?post=6101"},{"taxonomy":"post_tag","embeddable":true,"href":"https:\/\/salvadoracontece.com.br\/index.php\/wp-json\/wp\/v2\/tags?post=6101"}],"curies":[{"name":"wp","href":"https:\/\/api.w.org\/{rel}","templated":true}]}}