{"id":6247,"date":"2023-11-23T14:22:50","date_gmt":"2023-11-23T17:22:50","guid":{"rendered":"https:\/\/salvadoracontece.com.br\/?p=6247"},"modified":"2023-11-23T14:22:51","modified_gmt":"2023-11-23T17:22:51","slug":"operacao-da-pf-contra-exploracao-sexual-de-menores-prende-quatro-na-bahia","status":"publish","type":"post","link":"https:\/\/salvadoracontece.com.br\/index.php\/2023\/11\/23\/operacao-da-pf-contra-exploracao-sexual-de-menores-prende-quatro-na-bahia\/","title":{"rendered":"Opera\u00e7\u00e3o da PF contra explora\u00e7\u00e3o sexual de menores prende quatro na Bahia"},"content":{"rendered":"\n<p>A Pol\u00edcia Federal deflagrou nesta quinta-feira (23), cumpre mandados de busca e apreens\u00e3o em 24 estados e no Distrito Federal, contra suspeitos de explora\u00e7\u00e3o sexual contra menores.<\/p>\n\n\n\n<p>Na Bahia, a a\u00e7\u00e3o, denominada Opera\u00e7\u00e3o Harpia, cumpriu mandados em Salvador, Barreiras e Porto Seguro, com quatro pessoas presas, duas por mandados de pris\u00f5es preventivas e duas em flagrante.<\/p>\n\n\n\n<p>O trabalho policial \u00e9 fruto de an\u00e1lises de not\u00edcias de crimes relacionadas ao abuso sexual infantojuvenil on-line, que geraram informa\u00e7\u00f5es para que as cujas investiga\u00e7\u00f5es se aprofundaram por inqu\u00e9ritos policiais, com consequente cumprimento das medidas cautelares no \u00e2mbito da opera\u00e7\u00e3o nacional.\u00a0<\/p>\n\n\n\n<p>Se condenados, os investigados responder\u00e3o pelos crimes de armazenamento, compartilhamento, produ\u00e7\u00e3o de material de abuso sexual infantil e, h\u00e1 casos, inclusive, de estupro de vulner\u00e1vel.<\/p>\n\n\n\n<p>Fonte: Bahia Not\u00edcias <\/p>\n","protected":false},"excerpt":{"rendered":"<p>A Pol\u00edcia Federal deflagrou nesta quinta-feira (23), cumpre mandados de busca e apreens\u00e3o em 24 estados e no Distrito Federal, contra suspeitos de explora\u00e7\u00e3o sexual contra menores. Na Bahia, a a\u00e7\u00e3o, denominada Opera\u00e7\u00e3o Harpia, cumpriu mandados em Salvador, Barreiras e Porto Seguro, com quatro pessoas presas, duas por mandados de pris\u00f5es preventivas e duas em [&hellip;]<\/p>\n","protected":false},"author":2,"featured_media":6248,"comment_status":"open","ping_status":"open","sticky":false,"template":"","format":"standard","meta":{"footnotes":""},"categories":[105],"tags":[],"class_list":["post-6247","post","type-post","status-publish","format-standard","has-post-thumbnail","hentry","category-policia"],"_links":{"self":[{"href":"https:\/\/salvadoracontece.com.br\/index.php\/wp-json\/wp\/v2\/posts\/6247","targetHints":{"allow":["GET"]}}],"collection":[{"href":"https:\/\/salvadoracontece.com.br\/index.php\/wp-json\/wp\/v2\/posts"}],"about":[{"href":"https:\/\/salvadoracontece.com.br\/index.php\/wp-json\/wp\/v2\/types\/post"}],"author":[{"embeddable":true,"href":"https:\/\/salvadoracontece.com.br\/index.php\/wp-json\/wp\/v2\/users\/2"}],"replies":[{"embeddable":true,"href":"https:\/\/salvadoracontece.com.br\/index.php\/wp-json\/wp\/v2\/comments?post=6247"}],"version-history":[{"count":1,"href":"https:\/\/salvadoracontece.com.br\/index.php\/wp-json\/wp\/v2\/posts\/6247\/revisions"}],"predecessor-version":[{"id":6249,"href":"https:\/\/salvadoracontece.com.br\/index.php\/wp-json\/wp\/v2\/posts\/6247\/revisions\/6249"}],"wp:featuredmedia":[{"embeddable":true,"href":"https:\/\/salvadoracontece.com.br\/index.php\/wp-json\/wp\/v2\/media\/6248"}],"wp:attachment":[{"href":"https:\/\/salvadoracontece.com.br\/index.php\/wp-json\/wp\/v2\/media?parent=6247"}],"wp:term":[{"taxonomy":"category","embeddable":true,"href":"https:\/\/salvadoracontece.com.br\/index.php\/wp-json\/wp\/v2\/categories?post=6247"},{"taxonomy":"post_tag","embeddable":true,"href":"https:\/\/salvadoracontece.com.br\/index.php\/wp-json\/wp\/v2\/tags?post=6247"}],"curies":[{"name":"wp","href":"https:\/\/api.w.org\/{rel}","templated":true}]}}