{"id":6456,"date":"2023-11-29T11:14:48","date_gmt":"2023-11-29T14:14:48","guid":{"rendered":"https:\/\/salvadoracontece.com.br\/?p=6456"},"modified":"2023-11-29T11:14:50","modified_gmt":"2023-11-29T14:14:50","slug":"secretaria-de-feira-de-santana-convoca-os-aprovados-no-reda","status":"publish","type":"post","link":"https:\/\/salvadoracontece.com.br\/index.php\/2023\/11\/29\/secretaria-de-feira-de-santana-convoca-os-aprovados-no-reda\/","title":{"rendered":"Secretaria de Feira de Santana convoca os aprovados no REDA"},"content":{"rendered":"\n<p>Na \u00faltima sexta-feira (24), por meio da edi\u00e7\u00e3o do Di\u00e1rio Oficial Eletr\u00f4nico do Munic\u00edpio, foi publicada a convoca\u00e7\u00e3o dos candidatos aprovados no Processo Seletivo Simplificado n\u00b0 001\/2022. Este processo visa a contrata\u00e7\u00e3o de pessoal por tempo determinado, em Regime Especial de Direito Administrativo \u2013 REDA.<\/p>\n\n\n\n<p>Os convocados devem comparecer ao Departamento de Gest\u00e3o de Pessoas da Secretaria Municipal de Administra\u00e7\u00e3o, localizado na Avenida Sampaio, 344 \u2013 Centro, no prazo de 30 (trinta) dias a partir da data de publica\u00e7\u00e3o deste ato convocat\u00f3rio. \u00c9 necess\u00e1rio apresentar os documentos exigidos para a convoca\u00e7\u00e3o, tanto em suas vers\u00f5es originais quanto em fotoc\u00f3pias para autentica\u00e7\u00e3o.<\/p>\n\n\n\n<p>\u00c9 crucial observar que o candidato convocado e contratado que n\u00e3o comparecer no prazo estipulado perder\u00e1 o direito \u00e0 vaga.<\/p>\n\n\n\n<p>Para mais detalhes e informa\u00e7\u00f5es, consulte o Edital dispon\u00edvel atrav\u00e9s do seguinte https:\/\/diariooficial.feiradesantana.ba.gov.br\/atos\/executivo\/1Y5J3X23112023.pdf<\/p>\n\n\n\n<p>Fonte: Tribuna da Bahia <\/p>\n\n\n\n<p><\/p>\n","protected":false},"excerpt":{"rendered":"<p>Na \u00faltima sexta-feira (24), por meio da edi\u00e7\u00e3o do Di\u00e1rio Oficial Eletr\u00f4nico do Munic\u00edpio, foi publicada a convoca\u00e7\u00e3o dos candidatos aprovados no Processo Seletivo Simplificado n\u00b0 001\/2022. Este processo visa a contrata\u00e7\u00e3o de pessoal por tempo determinado, em Regime Especial de Direito Administrativo \u2013 REDA. Os convocados devem comparecer ao Departamento de Gest\u00e3o de Pessoas [&hellip;]<\/p>\n","protected":false},"author":2,"featured_media":6457,"comment_status":"open","ping_status":"open","sticky":false,"template":"","format":"standard","meta":{"footnotes":""},"categories":[95],"tags":[],"class_list":["post-6456","post","type-post","status-publish","format-standard","has-post-thumbnail","hentry","category-emprego"],"_links":{"self":[{"href":"https:\/\/salvadoracontece.com.br\/index.php\/wp-json\/wp\/v2\/posts\/6456","targetHints":{"allow":["GET"]}}],"collection":[{"href":"https:\/\/salvadoracontece.com.br\/index.php\/wp-json\/wp\/v2\/posts"}],"about":[{"href":"https:\/\/salvadoracontece.com.br\/index.php\/wp-json\/wp\/v2\/types\/post"}],"author":[{"embeddable":true,"href":"https:\/\/salvadoracontece.com.br\/index.php\/wp-json\/wp\/v2\/users\/2"}],"replies":[{"embeddable":true,"href":"https:\/\/salvadoracontece.com.br\/index.php\/wp-json\/wp\/v2\/comments?post=6456"}],"version-history":[{"count":1,"href":"https:\/\/salvadoracontece.com.br\/index.php\/wp-json\/wp\/v2\/posts\/6456\/revisions"}],"predecessor-version":[{"id":6458,"href":"https:\/\/salvadoracontece.com.br\/index.php\/wp-json\/wp\/v2\/posts\/6456\/revisions\/6458"}],"wp:featuredmedia":[{"embeddable":true,"href":"https:\/\/salvadoracontece.com.br\/index.php\/wp-json\/wp\/v2\/media\/6457"}],"wp:attachment":[{"href":"https:\/\/salvadoracontece.com.br\/index.php\/wp-json\/wp\/v2\/media?parent=6456"}],"wp:term":[{"taxonomy":"category","embeddable":true,"href":"https:\/\/salvadoracontece.com.br\/index.php\/wp-json\/wp\/v2\/categories?post=6456"},{"taxonomy":"post_tag","embeddable":true,"href":"https:\/\/salvadoracontece.com.br\/index.php\/wp-json\/wp\/v2\/tags?post=6456"}],"curies":[{"name":"wp","href":"https:\/\/api.w.org\/{rel}","templated":true}]}}