{"id":6592,"date":"2023-12-04T10:30:48","date_gmt":"2023-12-04T13:30:48","guid":{"rendered":"https:\/\/salvadoracontece.com.br\/?p=6592"},"modified":"2023-12-04T10:30:50","modified_gmt":"2023-12-04T13:30:50","slug":"onibus-ficam-destruidos-apos-incendio-na-avenida-san-martin","status":"publish","type":"post","link":"https:\/\/salvadoracontece.com.br\/index.php\/2023\/12\/04\/onibus-ficam-destruidos-apos-incendio-na-avenida-san-martin\/","title":{"rendered":"\u00d4nibus ficam destru\u00eddos ap\u00f3s inc\u00eandio na Avenida San Martin"},"content":{"rendered":"\n<p>Na tarde desta sexta-feira(01), um inc\u00eandio atingiu uma oficina que fica ao lado de uma garagem de \u00f4nibus na Avenida San Martin, em Salvador. Por conta das chamas, tr\u00eas \u00f4nibus ficaram completamente destru\u00eddos.<\/p>\n\n\n\n<p>De acordo com informa\u00e7\u00f5es do corpo de bombeiros, cinco viaturas conseguiram conter o fogo. N\u00e3o se tem informa\u00e7\u00f5es sobre oque causou o inc\u00eandio.<\/p>\n\n\n\n<p>Fonte: Varela Net <\/p>\n","protected":false},"excerpt":{"rendered":"<p>Na tarde desta sexta-feira(01), um inc\u00eandio atingiu uma oficina que fica ao lado de uma garagem de \u00f4nibus na Avenida San Martin, em Salvador. Por conta das chamas, tr\u00eas \u00f4nibus ficaram completamente destru\u00eddos. De acordo com informa\u00e7\u00f5es do corpo de bombeiros, cinco viaturas conseguiram conter o fogo. N\u00e3o se tem informa\u00e7\u00f5es sobre oque causou o [&hellip;]<\/p>\n","protected":false},"author":2,"featured_media":6593,"comment_status":"open","ping_status":"open","sticky":false,"template":"","format":"standard","meta":{"footnotes":""},"categories":[85],"tags":[],"class_list":["post-6592","post","type-post","status-publish","format-standard","has-post-thumbnail","hentry","category-noticias"],"_links":{"self":[{"href":"https:\/\/salvadoracontece.com.br\/index.php\/wp-json\/wp\/v2\/posts\/6592","targetHints":{"allow":["GET"]}}],"collection":[{"href":"https:\/\/salvadoracontece.com.br\/index.php\/wp-json\/wp\/v2\/posts"}],"about":[{"href":"https:\/\/salvadoracontece.com.br\/index.php\/wp-json\/wp\/v2\/types\/post"}],"author":[{"embeddable":true,"href":"https:\/\/salvadoracontece.com.br\/index.php\/wp-json\/wp\/v2\/users\/2"}],"replies":[{"embeddable":true,"href":"https:\/\/salvadoracontece.com.br\/index.php\/wp-json\/wp\/v2\/comments?post=6592"}],"version-history":[{"count":1,"href":"https:\/\/salvadoracontece.com.br\/index.php\/wp-json\/wp\/v2\/posts\/6592\/revisions"}],"predecessor-version":[{"id":6594,"href":"https:\/\/salvadoracontece.com.br\/index.php\/wp-json\/wp\/v2\/posts\/6592\/revisions\/6594"}],"wp:featuredmedia":[{"embeddable":true,"href":"https:\/\/salvadoracontece.com.br\/index.php\/wp-json\/wp\/v2\/media\/6593"}],"wp:attachment":[{"href":"https:\/\/salvadoracontece.com.br\/index.php\/wp-json\/wp\/v2\/media?parent=6592"}],"wp:term":[{"taxonomy":"category","embeddable":true,"href":"https:\/\/salvadoracontece.com.br\/index.php\/wp-json\/wp\/v2\/categories?post=6592"},{"taxonomy":"post_tag","embeddable":true,"href":"https:\/\/salvadoracontece.com.br\/index.php\/wp-json\/wp\/v2\/tags?post=6592"}],"curies":[{"name":"wp","href":"https:\/\/api.w.org\/{rel}","templated":true}]}}