{"id":6613,"date":"2023-12-04T12:57:21","date_gmt":"2023-12-04T15:57:21","guid":{"rendered":"https:\/\/salvadoracontece.com.br\/?p=6613"},"modified":"2023-12-04T12:57:23","modified_gmt":"2023-12-04T15:57:23","slug":"da-prisao-prefeito-que-tentou-matar-ex-nomeia-substituto","status":"publish","type":"post","link":"https:\/\/salvadoracontece.com.br\/index.php\/2023\/12\/04\/da-prisao-prefeito-que-tentou-matar-ex-nomeia-substituto\/","title":{"rendered":"Da pris\u00e3o, prefeito que tentou matar ex nomeia substituto"},"content":{"rendered":"\n<p>O prefeito da cidade goiana de Ipor\u00e1, Na\u00e7oitan Ara\u00fajo Leite (sem partido), preso desde o m\u00eas passado porque atirou contra a ex, nomeou seu substituto por decreto.<\/p>\n\n\n\n<p>Ex-prefeito e atual secret\u00e1rio de Agricultura, Ind\u00fastria e Com\u00e9rcio, Danilo Gleic se tornou o novo gestor municipal. A medida \u00e9 legal, mas pode ser questionada e revertida, caso o Minist\u00e9rio P\u00fablico entre com a\u00e7\u00e3o de improbidade administrativa contra o ato.<\/p>\n\n\n\n<p>A C\u00e2mara Municipal de Ipor\u00e1, no entanto, preparava a posse da vice-prefeita, Maysa Cunha (PP), que estava prevista para acontecer nesta segunda-feira, 4. <\/p>\n\n\n\n<p><strong>Motivo que levou \u00e0 pris\u00e3o do prefeito<\/strong><\/p>\n\n\n\n<p>Na\u00e7oitan\u00a0invadiu uma casa e atirou 15 vezes contra a sua ex-mulher e o namorado dela, no dia 18 de novembro. Em seguida, no dia 23,\u00a0o prefeito se entregou \u00e0 pol\u00edcia, ap\u00f3s cinco dias foragido.<\/p>\n\n\n\n<p>O chefe do Executivo municipal n\u00e3o aceitou o fim do relacionamento, que j\u00e1 dura dois meses.<\/p>\n\n\n\n<p>Ex-filiado ao Uni\u00e3o Brasil, o prefeito de Ipor\u00e1 foi suspenso do partido ap\u00f3s pedir a \u201celimina\u00e7\u00e3o\u201d do presidente Lula (PT). Nai\u00e7otan \u00e9 apoiador do ex-presidente Jair Bolsonaro (PL).<\/p>\n\n\n\n<p>Fonte: ATarde <\/p>\n","protected":false},"excerpt":{"rendered":"<p>O prefeito da cidade goiana de Ipor\u00e1, Na\u00e7oitan Ara\u00fajo Leite (sem partido), preso desde o m\u00eas passado porque atirou contra a ex, nomeou seu substituto por decreto. Ex-prefeito e atual secret\u00e1rio de Agricultura, Ind\u00fastria e Com\u00e9rcio, Danilo Gleic se tornou o novo gestor municipal. A medida \u00e9 legal, mas pode ser questionada e revertida, caso [&hellip;]<\/p>\n","protected":false},"author":2,"featured_media":6614,"comment_status":"open","ping_status":"open","sticky":false,"template":"","format":"standard","meta":{"footnotes":""},"categories":[91],"tags":[],"class_list":["post-6613","post","type-post","status-publish","format-standard","has-post-thumbnail","hentry","category-politica"],"_links":{"self":[{"href":"https:\/\/salvadoracontece.com.br\/index.php\/wp-json\/wp\/v2\/posts\/6613","targetHints":{"allow":["GET"]}}],"collection":[{"href":"https:\/\/salvadoracontece.com.br\/index.php\/wp-json\/wp\/v2\/posts"}],"about":[{"href":"https:\/\/salvadoracontece.com.br\/index.php\/wp-json\/wp\/v2\/types\/post"}],"author":[{"embeddable":true,"href":"https:\/\/salvadoracontece.com.br\/index.php\/wp-json\/wp\/v2\/users\/2"}],"replies":[{"embeddable":true,"href":"https:\/\/salvadoracontece.com.br\/index.php\/wp-json\/wp\/v2\/comments?post=6613"}],"version-history":[{"count":1,"href":"https:\/\/salvadoracontece.com.br\/index.php\/wp-json\/wp\/v2\/posts\/6613\/revisions"}],"predecessor-version":[{"id":6615,"href":"https:\/\/salvadoracontece.com.br\/index.php\/wp-json\/wp\/v2\/posts\/6613\/revisions\/6615"}],"wp:featuredmedia":[{"embeddable":true,"href":"https:\/\/salvadoracontece.com.br\/index.php\/wp-json\/wp\/v2\/media\/6614"}],"wp:attachment":[{"href":"https:\/\/salvadoracontece.com.br\/index.php\/wp-json\/wp\/v2\/media?parent=6613"}],"wp:term":[{"taxonomy":"category","embeddable":true,"href":"https:\/\/salvadoracontece.com.br\/index.php\/wp-json\/wp\/v2\/categories?post=6613"},{"taxonomy":"post_tag","embeddable":true,"href":"https:\/\/salvadoracontece.com.br\/index.php\/wp-json\/wp\/v2\/tags?post=6613"}],"curies":[{"name":"wp","href":"https:\/\/api.w.org\/{rel}","templated":true}]}}