{"id":6634,"date":"2023-12-05T11:02:26","date_gmt":"2023-12-05T14:02:26","guid":{"rendered":"https:\/\/salvadoracontece.com.br\/?p=6634"},"modified":"2023-12-05T11:02:27","modified_gmt":"2023-12-05T14:02:27","slug":"dolar-tem-maior-alta-diaria-em-dois-meses-e-sobe-para-r-494","status":"publish","type":"post","link":"https:\/\/salvadoracontece.com.br\/index.php\/2023\/12\/05\/dolar-tem-maior-alta-diaria-em-dois-meses-e-sobe-para-r-494\/","title":{"rendered":"D\u00f3lar tem maior alta di\u00e1ria em dois meses e sobe para R$ 4,94"},"content":{"rendered":"\n<p>Em um dia turbulento no mercado global, o d\u00f3lar teve, nesta segunda-feira (40), a maior alta di\u00e1ria em dois meses. A bolsa de valores registrou a maior queda em quase 40 dias e voltou aos 126 mil pontos.<\/p>\n\n\n\n<p>O d\u00f3lar comercial encerrou o dia vendido a R$ 4,949, com alta de R$ 0,068 (+1,39%). A cota\u00e7\u00e3o operou em alta durante todo o dia, mas disparou a partir da abertura do mercado norte-americano. Com o desempenho de hoje, a moeda norte-americana acumula alta de 0,69% nos primeiros dias de dezembro. Em 2023, a divisa cai 6,27%.<\/p>\n\n\n\n<p>No mercado de a\u00e7\u00f5es, o dia tamb\u00e9m foi marcado por instabilidades. O \u00edndice Ibovespa, da B3, fechou aos 126.803 pontos, com queda de 1,08%. Em queda ap\u00f3s duas altas seguidas, o indicador teve a maior baixa di\u00e1ria desde 27 de outubro.<\/p>\n\n\n\n<p>Em todo o planeta, o mercado financeiro teve um dia inst\u00e1vel por causa da alta dos juros dos t\u00edtulos do Tesouro norte-americano de dez anos, considerados os investimentos mais seguros do mundo. A alta dessas taxas estimula a fuga de capitais de pa\u00edses emergentes, como o Brasil.<\/p>\n\n\n\n<p>Os investidores norte-americanos est\u00e3o em compasso de espera para a divulga\u00e7\u00e3o de dados do mercado de trabalho nos Estados Unidos, prevista para a pr\u00f3xima sexta-feira (8). Caso a cria\u00e7\u00e3o de empregos supere a expectativa, o Federal Reserve (Fed, Banco Central norte-americano) poder\u00e1 promover um novo aumento de juros antes do fim do ano.<\/p>\n\n\n\n<p>*Com informa\u00e7\u00f5es da Reuters<\/p>\n\n\n\n<p><\/p>\n","protected":false},"excerpt":{"rendered":"<p>Em um dia turbulento no mercado global, o d\u00f3lar teve, nesta segunda-feira (40), a maior alta di\u00e1ria em dois meses. A bolsa de valores registrou a maior queda em quase 40 dias e voltou aos 126 mil pontos. O d\u00f3lar comercial encerrou o dia vendido a R$ 4,949, com alta de R$ 0,068 (+1,39%). A [&hellip;]<\/p>\n","protected":false},"author":2,"featured_media":6635,"comment_status":"open","ping_status":"open","sticky":false,"template":"","format":"standard","meta":{"footnotes":""},"categories":[92],"tags":[],"class_list":["post-6634","post","type-post","status-publish","format-standard","has-post-thumbnail","hentry","category-economia"],"_links":{"self":[{"href":"https:\/\/salvadoracontece.com.br\/index.php\/wp-json\/wp\/v2\/posts\/6634","targetHints":{"allow":["GET"]}}],"collection":[{"href":"https:\/\/salvadoracontece.com.br\/index.php\/wp-json\/wp\/v2\/posts"}],"about":[{"href":"https:\/\/salvadoracontece.com.br\/index.php\/wp-json\/wp\/v2\/types\/post"}],"author":[{"embeddable":true,"href":"https:\/\/salvadoracontece.com.br\/index.php\/wp-json\/wp\/v2\/users\/2"}],"replies":[{"embeddable":true,"href":"https:\/\/salvadoracontece.com.br\/index.php\/wp-json\/wp\/v2\/comments?post=6634"}],"version-history":[{"count":1,"href":"https:\/\/salvadoracontece.com.br\/index.php\/wp-json\/wp\/v2\/posts\/6634\/revisions"}],"predecessor-version":[{"id":6636,"href":"https:\/\/salvadoracontece.com.br\/index.php\/wp-json\/wp\/v2\/posts\/6634\/revisions\/6636"}],"wp:featuredmedia":[{"embeddable":true,"href":"https:\/\/salvadoracontece.com.br\/index.php\/wp-json\/wp\/v2\/media\/6635"}],"wp:attachment":[{"href":"https:\/\/salvadoracontece.com.br\/index.php\/wp-json\/wp\/v2\/media?parent=6634"}],"wp:term":[{"taxonomy":"category","embeddable":true,"href":"https:\/\/salvadoracontece.com.br\/index.php\/wp-json\/wp\/v2\/categories?post=6634"},{"taxonomy":"post_tag","embeddable":true,"href":"https:\/\/salvadoracontece.com.br\/index.php\/wp-json\/wp\/v2\/tags?post=6634"}],"curies":[{"name":"wp","href":"https:\/\/api.w.org\/{rel}","templated":true}]}}