{"id":6798,"date":"2023-12-11T13:51:34","date_gmt":"2023-12-11T16:51:34","guid":{"rendered":"https:\/\/salvadoracontece.com.br\/?p=6798"},"modified":"2023-12-11T13:51:36","modified_gmt":"2023-12-11T16:51:36","slug":"posto-do-inss-no-sac-trabalhista-do-comercio-suspende-atendimento-ate-janeiro","status":"publish","type":"post","link":"https:\/\/salvadoracontece.com.br\/index.php\/2023\/12\/11\/posto-do-inss-no-sac-trabalhista-do-comercio-suspende-atendimento-ate-janeiro\/","title":{"rendered":"Posto do INSS no SAC Trabalhista do Com\u00e9rcio suspende atendimento at\u00e9 janeiro"},"content":{"rendered":"\n<p>At\u00e9 o dia 2 de janeiro de 2024, o posto do Instituto Nacional de Seguridade Social (INSS) no SAC Trabalhista do F\u00f3rum do Com\u00e9rcio, em Salvador, permanecer\u00e1 com o atendimento suspenso.&nbsp;<\/p>\n\n\n\n<p>Conforme o Tribunal Regional do Trabalho da Bahia (TRT-BA), a suspens\u00e3o \u00e9 devido a quest\u00f5es operacionais do INSS.\u00a0<\/p>\n\n\n\n<p>Fonte: Bahia Not\u00edcias <\/p>\n\n\n\n<p><\/p>\n","protected":false},"excerpt":{"rendered":"<p>At\u00e9 o dia 2 de janeiro de 2024, o posto do Instituto Nacional de Seguridade Social (INSS) no SAC Trabalhista do F\u00f3rum do Com\u00e9rcio, em Salvador, permanecer\u00e1 com o atendimento suspenso.&nbsp; Conforme o Tribunal Regional do Trabalho da Bahia (TRT-BA), a suspens\u00e3o \u00e9 devido a quest\u00f5es operacionais do INSS.\u00a0 Fonte: Bahia Not\u00edcias<\/p>\n","protected":false},"author":2,"featured_media":6799,"comment_status":"open","ping_status":"open","sticky":false,"template":"","format":"standard","meta":{"footnotes":""},"categories":[85],"tags":[],"class_list":["post-6798","post","type-post","status-publish","format-standard","has-post-thumbnail","hentry","category-noticias"],"_links":{"self":[{"href":"https:\/\/salvadoracontece.com.br\/index.php\/wp-json\/wp\/v2\/posts\/6798","targetHints":{"allow":["GET"]}}],"collection":[{"href":"https:\/\/salvadoracontece.com.br\/index.php\/wp-json\/wp\/v2\/posts"}],"about":[{"href":"https:\/\/salvadoracontece.com.br\/index.php\/wp-json\/wp\/v2\/types\/post"}],"author":[{"embeddable":true,"href":"https:\/\/salvadoracontece.com.br\/index.php\/wp-json\/wp\/v2\/users\/2"}],"replies":[{"embeddable":true,"href":"https:\/\/salvadoracontece.com.br\/index.php\/wp-json\/wp\/v2\/comments?post=6798"}],"version-history":[{"count":1,"href":"https:\/\/salvadoracontece.com.br\/index.php\/wp-json\/wp\/v2\/posts\/6798\/revisions"}],"predecessor-version":[{"id":6800,"href":"https:\/\/salvadoracontece.com.br\/index.php\/wp-json\/wp\/v2\/posts\/6798\/revisions\/6800"}],"wp:featuredmedia":[{"embeddable":true,"href":"https:\/\/salvadoracontece.com.br\/index.php\/wp-json\/wp\/v2\/media\/6799"}],"wp:attachment":[{"href":"https:\/\/salvadoracontece.com.br\/index.php\/wp-json\/wp\/v2\/media?parent=6798"}],"wp:term":[{"taxonomy":"category","embeddable":true,"href":"https:\/\/salvadoracontece.com.br\/index.php\/wp-json\/wp\/v2\/categories?post=6798"},{"taxonomy":"post_tag","embeddable":true,"href":"https:\/\/salvadoracontece.com.br\/index.php\/wp-json\/wp\/v2\/tags?post=6798"}],"curies":[{"name":"wp","href":"https:\/\/api.w.org\/{rel}","templated":true}]}}