{"id":6816,"date":"2023-12-12T12:10:20","date_gmt":"2023-12-12T15:10:20","guid":{"rendered":"https:\/\/salvadoracontece.com.br\/?p=6816"},"modified":"2023-12-12T12:10:22","modified_gmt":"2023-12-12T15:10:22","slug":"ivete-sangalo-anuncia-documentario-em-comemoracao-aos-30-anos-de-carreira","status":"publish","type":"post","link":"https:\/\/salvadoracontece.com.br\/index.php\/2023\/12\/12\/ivete-sangalo-anuncia-documentario-em-comemoracao-aos-30-anos-de-carreira\/","title":{"rendered":"Ivete Sangalo anuncia document\u00e1rio em comemora\u00e7\u00e3o aos 30 anos de carreira"},"content":{"rendered":"\n<p>Ivete Sangalo revelou detalhes sobre seu lan\u00e7amento in\u00e9dito em comemora\u00e7\u00e3o aos 30 anos de carreira. Mainha como \u00e9 chamada pelos f\u00e3s, lan\u00e7ar\u00e1 seu EP &#8220;Reivete-se&#8221; como aposta para o Carnaval 2024. Em suas redes sociais, a comandante do programa &#8220;Pipoca da Ivete&#8221; falou que tudo vai coe\u00e7ar, nesta sexta-feira (15).<\/p>\n\n\n\n<p>&#8220;Ser\u00e3o tr\u00eas m\u00fasicas, mas no decorrer da turn\u00ea eu vou lan\u00e7ar v\u00e1rias novas. Eu pretendo lan\u00e7ar muita coisa nova&#8221;, explicou a artista nos Stories do Instagram.<\/p>\n\n\n\n<p>Em clima de novidade, a cantora revelou a grava\u00e7\u00e3o de document\u00e1rio que se inicia no show do pr\u00f3ximo dia 20, no maracan\u00e3, incluindo tamb\u00e9m o famoso especial de fim de ano da Rede Globo. &#8220;Primeiro eu vou fazer um document\u00e1rio sobre a turn\u00ea, come\u00e7ando l\u00e1 no Maracan\u00e3. E assim, como eu vou lan\u00e7ando m\u00fasicas durante a turn\u00ea, no final da turn\u00ea eu quero gravar um DVD desse show, que a gente vai naturalmente incrementando ele&#8221;, continuou.&nbsp;<\/p>\n\n\n\n<p>&#8220;Eu sempre fazia o DVD e gerava a turn\u00ea. Agora eu quero gerar a turn\u00ea e fazer o DVD para a gente ter em casa de recorda\u00e7\u00e3o&#8221;, concluiu.<\/p>\n\n\n\n<p>Fonte: Varela Net <\/p>\n","protected":false},"excerpt":{"rendered":"<p>Ivete Sangalo revelou detalhes sobre seu lan\u00e7amento in\u00e9dito em comemora\u00e7\u00e3o aos 30 anos de carreira. Mainha como \u00e9 chamada pelos f\u00e3s, lan\u00e7ar\u00e1 seu EP &#8220;Reivete-se&#8221; como aposta para o Carnaval 2024. Em suas redes sociais, a comandante do programa &#8220;Pipoca da Ivete&#8221; falou que tudo vai coe\u00e7ar, nesta sexta-feira (15). &#8220;Ser\u00e3o tr\u00eas m\u00fasicas, mas no [&hellip;]<\/p>\n","protected":false},"author":2,"featured_media":6817,"comment_status":"open","ping_status":"open","sticky":false,"template":"","format":"standard","meta":{"footnotes":""},"categories":[93],"tags":[],"class_list":["post-6816","post","type-post","status-publish","format-standard","has-post-thumbnail","hentry","category-entretenimento"],"_links":{"self":[{"href":"https:\/\/salvadoracontece.com.br\/index.php\/wp-json\/wp\/v2\/posts\/6816","targetHints":{"allow":["GET"]}}],"collection":[{"href":"https:\/\/salvadoracontece.com.br\/index.php\/wp-json\/wp\/v2\/posts"}],"about":[{"href":"https:\/\/salvadoracontece.com.br\/index.php\/wp-json\/wp\/v2\/types\/post"}],"author":[{"embeddable":true,"href":"https:\/\/salvadoracontece.com.br\/index.php\/wp-json\/wp\/v2\/users\/2"}],"replies":[{"embeddable":true,"href":"https:\/\/salvadoracontece.com.br\/index.php\/wp-json\/wp\/v2\/comments?post=6816"}],"version-history":[{"count":1,"href":"https:\/\/salvadoracontece.com.br\/index.php\/wp-json\/wp\/v2\/posts\/6816\/revisions"}],"predecessor-version":[{"id":6818,"href":"https:\/\/salvadoracontece.com.br\/index.php\/wp-json\/wp\/v2\/posts\/6816\/revisions\/6818"}],"wp:featuredmedia":[{"embeddable":true,"href":"https:\/\/salvadoracontece.com.br\/index.php\/wp-json\/wp\/v2\/media\/6817"}],"wp:attachment":[{"href":"https:\/\/salvadoracontece.com.br\/index.php\/wp-json\/wp\/v2\/media?parent=6816"}],"wp:term":[{"taxonomy":"category","embeddable":true,"href":"https:\/\/salvadoracontece.com.br\/index.php\/wp-json\/wp\/v2\/categories?post=6816"},{"taxonomy":"post_tag","embeddable":true,"href":"https:\/\/salvadoracontece.com.br\/index.php\/wp-json\/wp\/v2\/tags?post=6816"}],"curies":[{"name":"wp","href":"https:\/\/api.w.org\/{rel}","templated":true}]}}