{"id":6911,"date":"2023-12-13T15:13:18","date_gmt":"2023-12-13T18:13:18","guid":{"rendered":"https:\/\/salvadoracontece.com.br\/?p=6911"},"modified":"2023-12-13T15:13:20","modified_gmt":"2023-12-13T18:13:20","slug":"aprovado-projeto-que-beneficia-municipios-que-revitalizam-recursos-hidricos","status":"publish","type":"post","link":"https:\/\/salvadoracontece.com.br\/index.php\/2023\/12\/13\/aprovado-projeto-que-beneficia-municipios-que-revitalizam-recursos-hidricos\/","title":{"rendered":"Aprovado projeto que beneficia munic\u00edpios que revitalizam recursos h\u00eddricos"},"content":{"rendered":"\n<p>A Comiss\u00e3o de Minas e Energia aprovou, nesta quarta-feira (13), projeto de lei (924\/2023) que cria o Selo da Boa Administra\u00e7\u00e3o de Recursos H\u00eddricos. O objetivo do projeto \u00e9 reconhecer e estimular as a\u00e7\u00f5es locais de revitaliza\u00e7\u00e3o de rios e canais, que s\u00e3o extremamente importantes para a seguran\u00e7a h\u00eddrica e a sustentabilidade ambiental do Pa\u00eds.&nbsp;<\/p>\n\n\n\n<p>O relator do projeto na Comiss\u00e3o de Minas e Energia, deputado Otto Alencar Filho (PSD-BA), destacou que a proposta pode ajudar a reverter o quadro de polui\u00e7\u00e3o das margens de corpos de \u00e1gua no Brasil.&nbsp;<\/p>\n\n\n\n<p>\u201cEsse projeto vai dar visibilidade, apoiar e capacitar os Munic\u00edpios brasileiros engajados na revitaliza\u00e7\u00e3o de recursos h\u00eddricos, de forma que a\u00e7\u00f5es locais conjuntas e integradas para a prote\u00e7\u00e3o e preserva\u00e7\u00e3o ambiental sejam cada vez mais fortalecidas e expandidas\u201d, explicou o parlamentar.<\/p>\n\n\n\n<p>Dentre os impactos positivos do projeto, o relator menciona a melhoria das condi\u00e7\u00f5es de sa\u00fade da popula\u00e7\u00e3o, que se refletir\u00e1 nos indicadores sociais e vai aliviar a sobrecarga sobre SUS. Tamb\u00e9m ser\u00e1 favorecida a seguran\u00e7a h\u00eddrica no abastecimento urbano de \u00e1gua, bem como a redu\u00e7\u00e3o dos custos de seu tratamento. &nbsp;<\/p>\n\n\n\n<p>O PL segue em tramita\u00e7\u00e3o e agora aguarda an\u00e1lise da Comiss\u00e3o de Meio Ambiente e Desenvolvimento Sustent\u00e1vel.<\/p>\n\n\n\n<p>Fonte: Tribuna da Bahia <\/p>\n","protected":false},"excerpt":{"rendered":"<p>A Comiss\u00e3o de Minas e Energia aprovou, nesta quarta-feira (13), projeto de lei (924\/2023) que cria o Selo da Boa Administra\u00e7\u00e3o de Recursos H\u00eddricos. O objetivo do projeto \u00e9 reconhecer e estimular as a\u00e7\u00f5es locais de revitaliza\u00e7\u00e3o de rios e canais, que s\u00e3o extremamente importantes para a seguran\u00e7a h\u00eddrica e a sustentabilidade ambiental do Pa\u00eds.&nbsp; [&hellip;]<\/p>\n","protected":false},"author":2,"featured_media":6912,"comment_status":"open","ping_status":"open","sticky":false,"template":"","format":"standard","meta":{"footnotes":""},"categories":[91],"tags":[],"class_list":["post-6911","post","type-post","status-publish","format-standard","has-post-thumbnail","hentry","category-politica"],"_links":{"self":[{"href":"https:\/\/salvadoracontece.com.br\/index.php\/wp-json\/wp\/v2\/posts\/6911","targetHints":{"allow":["GET"]}}],"collection":[{"href":"https:\/\/salvadoracontece.com.br\/index.php\/wp-json\/wp\/v2\/posts"}],"about":[{"href":"https:\/\/salvadoracontece.com.br\/index.php\/wp-json\/wp\/v2\/types\/post"}],"author":[{"embeddable":true,"href":"https:\/\/salvadoracontece.com.br\/index.php\/wp-json\/wp\/v2\/users\/2"}],"replies":[{"embeddable":true,"href":"https:\/\/salvadoracontece.com.br\/index.php\/wp-json\/wp\/v2\/comments?post=6911"}],"version-history":[{"count":1,"href":"https:\/\/salvadoracontece.com.br\/index.php\/wp-json\/wp\/v2\/posts\/6911\/revisions"}],"predecessor-version":[{"id":6913,"href":"https:\/\/salvadoracontece.com.br\/index.php\/wp-json\/wp\/v2\/posts\/6911\/revisions\/6913"}],"wp:featuredmedia":[{"embeddable":true,"href":"https:\/\/salvadoracontece.com.br\/index.php\/wp-json\/wp\/v2\/media\/6912"}],"wp:attachment":[{"href":"https:\/\/salvadoracontece.com.br\/index.php\/wp-json\/wp\/v2\/media?parent=6911"}],"wp:term":[{"taxonomy":"category","embeddable":true,"href":"https:\/\/salvadoracontece.com.br\/index.php\/wp-json\/wp\/v2\/categories?post=6911"},{"taxonomy":"post_tag","embeddable":true,"href":"https:\/\/salvadoracontece.com.br\/index.php\/wp-json\/wp\/v2\/tags?post=6911"}],"curies":[{"name":"wp","href":"https:\/\/api.w.org\/{rel}","templated":true}]}}