{"id":6932,"date":"2023-12-14T10:41:58","date_gmt":"2023-12-14T13:41:58","guid":{"rendered":"https:\/\/salvadoracontece.com.br\/?p=6932"},"modified":"2023-12-14T10:42:00","modified_gmt":"2023-12-14T13:42:00","slug":"cantor-gospel-pedro-henrique-morre-depois-de-passar-mal-em-show-na-ba","status":"publish","type":"post","link":"https:\/\/salvadoracontece.com.br\/index.php\/2023\/12\/14\/cantor-gospel-pedro-henrique-morre-depois-de-passar-mal-em-show-na-ba\/","title":{"rendered":"Cantor gospel Pedro Henrique morre depois de passar mal em show na BA"},"content":{"rendered":"\n<p>O cantor de m\u00fasica gospel Pedro Henrique, de 30 anos, morreu nesta quarta-feira (14), depois de passar mal durante uma apresenta\u00e7\u00e3o na cidade de Feira de Santana, a cerca de 100 km de Salvador. A informa\u00e7\u00e3o foi confirmada pela gravadora do artista, que lamentou a perda e n\u00e3o revelou a causa da morte.&nbsp;<\/p>\n\n\n\n<p>&#8220;Pedro foi um jovem alegre, amigo de todos. Filho \u00fanico. Um esposo presente e um pai super dedicado. N\u00e3o h\u00e1 pastor ou crist\u00e3o nesse Brasil que fale algo diferente disso. Pedro \u00e9 simples, \u00e9 crente! Que sorriso! Que simpatia! Que voz! O tipo de gente da gente, que \u00e9 muito bom ter por perto&#8221;, diz um trecho do comunicado.<\/p>\n\n\n\n<p>A rela\u00e7\u00e3o de Pedro Henrique com a m\u00fasica come\u00e7ou ainda crian\u00e7a, sua primeira apresenta\u00e7\u00e3o foi aos 3 anos. Em 2015, o artista iniciou a sua trajet\u00f3ria profissional com a publica\u00e7\u00e3o de v\u00eddeos v\u00eddeos de cover na internet. Ele deixa a esposa, Suilan Barreto, e a filha, Zoe, de apenas 1 m\u00eas.<\/p>\n\n\n\n<p>Fonte: Varela Net <\/p>\n","protected":false},"excerpt":{"rendered":"<p>O cantor de m\u00fasica gospel Pedro Henrique, de 30 anos, morreu nesta quarta-feira (14), depois de passar mal durante uma apresenta\u00e7\u00e3o na cidade de Feira de Santana, a cerca de 100 km de Salvador. A informa\u00e7\u00e3o foi confirmada pela gravadora do artista, que lamentou a perda e n\u00e3o revelou a causa da morte.&nbsp; &#8220;Pedro foi [&hellip;]<\/p>\n","protected":false},"author":2,"featured_media":6933,"comment_status":"open","ping_status":"open","sticky":false,"template":"","format":"standard","meta":{"footnotes":""},"categories":[85],"tags":[],"class_list":["post-6932","post","type-post","status-publish","format-standard","has-post-thumbnail","hentry","category-noticias"],"_links":{"self":[{"href":"https:\/\/salvadoracontece.com.br\/index.php\/wp-json\/wp\/v2\/posts\/6932","targetHints":{"allow":["GET"]}}],"collection":[{"href":"https:\/\/salvadoracontece.com.br\/index.php\/wp-json\/wp\/v2\/posts"}],"about":[{"href":"https:\/\/salvadoracontece.com.br\/index.php\/wp-json\/wp\/v2\/types\/post"}],"author":[{"embeddable":true,"href":"https:\/\/salvadoracontece.com.br\/index.php\/wp-json\/wp\/v2\/users\/2"}],"replies":[{"embeddable":true,"href":"https:\/\/salvadoracontece.com.br\/index.php\/wp-json\/wp\/v2\/comments?post=6932"}],"version-history":[{"count":1,"href":"https:\/\/salvadoracontece.com.br\/index.php\/wp-json\/wp\/v2\/posts\/6932\/revisions"}],"predecessor-version":[{"id":6934,"href":"https:\/\/salvadoracontece.com.br\/index.php\/wp-json\/wp\/v2\/posts\/6932\/revisions\/6934"}],"wp:featuredmedia":[{"embeddable":true,"href":"https:\/\/salvadoracontece.com.br\/index.php\/wp-json\/wp\/v2\/media\/6933"}],"wp:attachment":[{"href":"https:\/\/salvadoracontece.com.br\/index.php\/wp-json\/wp\/v2\/media?parent=6932"}],"wp:term":[{"taxonomy":"category","embeddable":true,"href":"https:\/\/salvadoracontece.com.br\/index.php\/wp-json\/wp\/v2\/categories?post=6932"},{"taxonomy":"post_tag","embeddable":true,"href":"https:\/\/salvadoracontece.com.br\/index.php\/wp-json\/wp\/v2\/tags?post=6932"}],"curies":[{"name":"wp","href":"https:\/\/api.w.org\/{rel}","templated":true}]}}