{"id":6938,"date":"2023-12-14T11:10:06","date_gmt":"2023-12-14T14:10:06","guid":{"rendered":"https:\/\/salvadoracontece.com.br\/?p=6938"},"modified":"2023-12-14T11:10:15","modified_gmt":"2023-12-14T14:10:15","slug":"lembra-dele-goleiro-revelado-no-vitoria-acerta-com-clube-nordestino","status":"publish","type":"post","link":"https:\/\/salvadoracontece.com.br\/index.php\/2023\/12\/14\/lembra-dele-goleiro-revelado-no-vitoria-acerta-com-clube-nordestino\/","title":{"rendered":"Goleiro revelado no Vit\u00f3ria acerta com clube nordestino"},"content":{"rendered":"\n<p>Pouco lembrado pela passagem no Vit\u00f3ria, entre 2003 e 2005, o goleiro Felipe pode disputar o Brasileir\u00e3o da S\u00e9rie C em 2024. Aos 39 anos, o arqueiro foi anunciado como novo refor\u00e7o do Sampaio Corr\u00eaa.\u00a0<\/p>\n\n\n\n<p>&#8220;O Sampaio Corr\u00eaa tem uma camisa pesada do nosso futebol brasileiro e nordestino, com tradi\u00e7\u00e3o, torcida apaixonada, com estrutura e todas as condi\u00e7\u00f5es para trabalharmos. N\u00e3o sou o Felipe do Flamengo, do Corinthians, mas continuo com o mesmo esp\u00edrito de entrega e dedica\u00e7\u00e3o de sempre. Pe\u00e7o \u00e0 torcida confian\u00e7a, e que venham as competi\u00e7\u00f5es de 2024, para darmos o nosso melhor dentro de campo&#8221;, disse Felipe em sua apresenta\u00e7\u00e3o.<\/p>\n\n\n\n<p>Cria das divis\u00f5es de base rubro-negra, o goleiro fez parte dos elencos que foram rebaixados para as S\u00e9ries B e C, em 2004 e 2005, respectivamente. Ele deixou o clube ap\u00f3s uma briga com o ex-dirigente Paulo Carneiro.&nbsp;<\/p>\n\n\n\n<p>Ap\u00f3s sair do Vit\u00f3ria, Felipe rodou por clubes do interior paulista at\u00e9 acertar com o Corinthians, onde se destacou e ganhou proje\u00e7\u00e3o nacional, entre os anos de 2007 e 2010. Ele deixou o Alvinegro para atuar no futebol portugu\u00eas.&nbsp;<\/p>\n\n\n\n<p>Em 2011, o goleiro foi contratado pelo Flamengo, onde permaneceu por quatro temporadas e saiu da G\u00e1vea em 2014.&nbsp;<\/p>\n\n\n\n<p>Nos \u00faltimos anos, Felipe acumulou passagens por Figueirense, Bragantino, Botafogo-PB, Paran\u00e1, Uberl\u00e2ndia, Boavista, Taubat\u00e9, Capital-DF, Kisvarda-HUN e seu \u00faltimo clube havia sido o Santa Rosa.\u00a0\u00a0<\/p>\n\n\n\n<p>Fonte: A Tarde <\/p>\n","protected":false},"excerpt":{"rendered":"<p>Pouco lembrado pela passagem no Vit\u00f3ria, entre 2003 e 2005, o goleiro Felipe pode disputar o Brasileir\u00e3o da S\u00e9rie C em 2024. Aos 39 anos, o arqueiro foi anunciado como novo refor\u00e7o do Sampaio Corr\u00eaa.\u00a0 &#8220;O Sampaio Corr\u00eaa tem uma camisa pesada do nosso futebol brasileiro e nordestino, com tradi\u00e7\u00e3o, torcida apaixonada, com estrutura e [&hellip;]<\/p>\n","protected":false},"author":2,"featured_media":6939,"comment_status":"open","ping_status":"open","sticky":false,"template":"","format":"standard","meta":{"footnotes":""},"categories":[89],"tags":[],"class_list":["post-6938","post","type-post","status-publish","format-standard","has-post-thumbnail","hentry","category-esportes"],"_links":{"self":[{"href":"https:\/\/salvadoracontece.com.br\/index.php\/wp-json\/wp\/v2\/posts\/6938","targetHints":{"allow":["GET"]}}],"collection":[{"href":"https:\/\/salvadoracontece.com.br\/index.php\/wp-json\/wp\/v2\/posts"}],"about":[{"href":"https:\/\/salvadoracontece.com.br\/index.php\/wp-json\/wp\/v2\/types\/post"}],"author":[{"embeddable":true,"href":"https:\/\/salvadoracontece.com.br\/index.php\/wp-json\/wp\/v2\/users\/2"}],"replies":[{"embeddable":true,"href":"https:\/\/salvadoracontece.com.br\/index.php\/wp-json\/wp\/v2\/comments?post=6938"}],"version-history":[{"count":2,"href":"https:\/\/salvadoracontece.com.br\/index.php\/wp-json\/wp\/v2\/posts\/6938\/revisions"}],"predecessor-version":[{"id":6941,"href":"https:\/\/salvadoracontece.com.br\/index.php\/wp-json\/wp\/v2\/posts\/6938\/revisions\/6941"}],"wp:featuredmedia":[{"embeddable":true,"href":"https:\/\/salvadoracontece.com.br\/index.php\/wp-json\/wp\/v2\/media\/6939"}],"wp:attachment":[{"href":"https:\/\/salvadoracontece.com.br\/index.php\/wp-json\/wp\/v2\/media?parent=6938"}],"wp:term":[{"taxonomy":"category","embeddable":true,"href":"https:\/\/salvadoracontece.com.br\/index.php\/wp-json\/wp\/v2\/categories?post=6938"},{"taxonomy":"post_tag","embeddable":true,"href":"https:\/\/salvadoracontece.com.br\/index.php\/wp-json\/wp\/v2\/tags?post=6938"}],"curies":[{"name":"wp","href":"https:\/\/api.w.org\/{rel}","templated":true}]}}