{"id":6948,"date":"2023-12-14T14:06:04","date_gmt":"2023-12-14T17:06:04","guid":{"rendered":"https:\/\/salvadoracontece.com.br\/?p=6948"},"modified":"2023-12-14T14:06:06","modified_gmt":"2023-12-14T17:06:06","slug":"com-casa-do-papai-noel-e-arvore-de-15-metros-prefeitura-inicia-programacao-do-natal-no-suburbio","status":"publish","type":"post","link":"https:\/\/salvadoracontece.com.br\/index.php\/2023\/12\/14\/com-casa-do-papai-noel-e-arvore-de-15-metros-prefeitura-inicia-programacao-do-natal-no-suburbio\/","title":{"rendered":"Com Casa do Papai Noel e \u00e1rvore de 15 metros, Prefeitura inicia programa\u00e7\u00e3o do Natal no Sub\u00farbio"},"content":{"rendered":"\n<p>A magia do Natal chegou ao Sub\u00farbio Ferrovi\u00e1rio de Salvador na noite de quarta-feira (13). A Prefeitura de Salvador iniciou a programa\u00e7\u00e3o natalina na Pra\u00e7a Jo\u00e3o Martins, em Paripe, com direito a Casa do Papai Noel e \u00e1rvore de 15 metros feita em pixel led. A abertura da programa\u00e7\u00e3o contou com a apresenta\u00e7\u00e3o da Banda da Guarda Civil Municipal (GCM) e do coral de crian\u00e7as e adolescentes da Funda\u00e7\u00e3o Cidade M\u00e3e (FCM).<\/p>\n\n\n\n<p>Durante o ato simb\u00f3lico de in\u00edcio da ilumina\u00e7\u00e3o, que contou com uma queima de fogos que encantou o p\u00fablico presente, o prefeito Bruno Reis falou sobre a consolida\u00e7\u00e3o da festa no Sub\u00farbio. Este \u00e9 o segundo ano que a Prefeitura leva o Natal Salvador para Paripe. Anteriormente, a celebra\u00e7\u00e3o natalina tamb\u00e9m j\u00e1 foi realizada em Periperi.<\/p>\n\n\n\n<p>\u201cRealizamos o Natal em Paripe no ano anterior e foi um grande sucesso. Por isso tomamos a decis\u00e3o de mais uma vez realizar no Sub\u00farbio Ferrovi\u00e1rio a comemora\u00e7\u00e3o do Natal. Ser\u00e1 praticamente um m\u00eas de muitas atividades e estes equipamentos s\u00e3o instalados para fazer com que as noites do fim de ano sejam ainda melhores para os moradores\u201d, afirmou.<\/p>\n\n\n\n<p>Bruno Reis destacou que a decora\u00e7\u00e3o festiva abrange diversos pontos da cidade, como ruas, avenidas e pontos tur\u00edsticos, a exemplo do Dique do Toror\u00f3, como forma de alcan\u00e7ar ainda mais soteropolitanos. \u201cFazemos uma edi\u00e7\u00e3o em Paripe do que est\u00e1 ocorrendo no Centro Hist\u00f3rico com \u00e1rvore de Natal, t\u00fanel de luz, Casa do Papai Noel. A gente sabe da dificuldade que \u00e0s vezes as pessoas t\u00eam para se deslocar para o Centro, mas esperamos que as comemora\u00e7\u00f5es tamb\u00e9m possam ajudar as pessoas do Sub\u00farbio a terem um Natal ainda melhor este ano\u201d, disse.<\/p>\n\n\n\n<p>A celebra\u00e7\u00e3o no Sub\u00farbio vai at\u00e9 6 de janeiro com atrativos como Casa do Papai Noel, t\u00fanel iluminado em microled sincronizado em luz e som, em formato de castelo, al\u00e9m de 57 elementos decorativos espalhados no espa\u00e7o. No local foi instalada uma \u00e1rvore com 15 metros de altura e feita em pixel led que se soma a mais de 2 milh\u00f5es de microl\u00e2mpadas em toda pra\u00e7a. O Papai Noel tamb\u00e9m est\u00e1 presente na festa todos os dias, das 18h \u00e0s 22h, para conversar e fazer fotos com a crian\u00e7ada.<\/p>\n\n\n\n<p>Al\u00e9m da decora\u00e7\u00e3o em Paripe, diversos outros pontos do Sub\u00farbio tamb\u00e9m ganharam elementos decorativos do Natal. Toda a Avenida Afr\u00e2nio Peixoto (Suburbana) foi iluminada nos acessos principais dos bairros com 150 pe\u00e7as em postes e 8 \u00e1rvores. Ou seja, quem adentrar em bairros como Plataforma, Alto da Terezinha e Periperi, por exemplo, tamb\u00e9m vai poder aproveitar a decora\u00e7\u00e3o no trajeto para casa.<\/p>\n\n\n\n<p>O diretor de Ilumina\u00e7\u00e3o P\u00fablica (Dsip), \u00a0ngelo Magalh\u00e3es, falou sobre a import\u00e2ncia de promover a festa no Sub\u00farbio. \u201cO Natal do Sub\u00farbio j\u00e1 \u00e9 uma tradi\u00e7\u00e3o. Hoje lan\u00e7amos um espa\u00e7o feito com muito carinho, com o objetivo de levar a magia natalina para os quatro cantos de Salvador. Nos orgulhamos em dizer que nossa capital tem uma festa de Natal descentralizada e democr\u00e1tica. Assim como no Centro Hist\u00f3rico, levamos a beleza dessa celebra\u00e7\u00e3o t\u00e3o importante para Paripe, S\u00e3o Caetano, Cajazeiras e v\u00e1rios outros bairros da cidade\u201d, frisou.<\/p>\n\n\n\n<p>Fonte: Bahia Not\u00edcias<\/p>\n","protected":false},"excerpt":{"rendered":"<p>A magia do Natal chegou ao Sub\u00farbio Ferrovi\u00e1rio de Salvador na noite de quarta-feira (13). A Prefeitura de Salvador iniciou a programa\u00e7\u00e3o natalina na Pra\u00e7a Jo\u00e3o Martins, em Paripe, com direito a Casa do Papai Noel e \u00e1rvore de 15 metros feita em pixel led. A abertura da programa\u00e7\u00e3o contou com a apresenta\u00e7\u00e3o da Banda [&hellip;]<\/p>\n","protected":false},"author":2,"featured_media":6949,"comment_status":"open","ping_status":"open","sticky":false,"template":"","format":"standard","meta":{"footnotes":""},"categories":[85],"tags":[],"class_list":["post-6948","post","type-post","status-publish","format-standard","has-post-thumbnail","hentry","category-noticias"],"_links":{"self":[{"href":"https:\/\/salvadoracontece.com.br\/index.php\/wp-json\/wp\/v2\/posts\/6948","targetHints":{"allow":["GET"]}}],"collection":[{"href":"https:\/\/salvadoracontece.com.br\/index.php\/wp-json\/wp\/v2\/posts"}],"about":[{"href":"https:\/\/salvadoracontece.com.br\/index.php\/wp-json\/wp\/v2\/types\/post"}],"author":[{"embeddable":true,"href":"https:\/\/salvadoracontece.com.br\/index.php\/wp-json\/wp\/v2\/users\/2"}],"replies":[{"embeddable":true,"href":"https:\/\/salvadoracontece.com.br\/index.php\/wp-json\/wp\/v2\/comments?post=6948"}],"version-history":[{"count":1,"href":"https:\/\/salvadoracontece.com.br\/index.php\/wp-json\/wp\/v2\/posts\/6948\/revisions"}],"predecessor-version":[{"id":6950,"href":"https:\/\/salvadoracontece.com.br\/index.php\/wp-json\/wp\/v2\/posts\/6948\/revisions\/6950"}],"wp:featuredmedia":[{"embeddable":true,"href":"https:\/\/salvadoracontece.com.br\/index.php\/wp-json\/wp\/v2\/media\/6949"}],"wp:attachment":[{"href":"https:\/\/salvadoracontece.com.br\/index.php\/wp-json\/wp\/v2\/media?parent=6948"}],"wp:term":[{"taxonomy":"category","embeddable":true,"href":"https:\/\/salvadoracontece.com.br\/index.php\/wp-json\/wp\/v2\/categories?post=6948"},{"taxonomy":"post_tag","embeddable":true,"href":"https:\/\/salvadoracontece.com.br\/index.php\/wp-json\/wp\/v2\/tags?post=6948"}],"curies":[{"name":"wp","href":"https:\/\/api.w.org\/{rel}","templated":true}]}}