{"id":6972,"date":"2023-12-14T15:32:28","date_gmt":"2023-12-14T18:32:28","guid":{"rendered":"https:\/\/salvadoracontece.com.br\/?p=6972"},"modified":"2023-12-14T15:32:30","modified_gmt":"2023-12-14T18:32:30","slug":"governo-divulga-novo-cronograma-do-concurso-nacional-unificado","status":"publish","type":"post","link":"https:\/\/salvadoracontece.com.br\/index.php\/2023\/12\/14\/governo-divulga-novo-cronograma-do-concurso-nacional-unificado\/","title":{"rendered":"Governo divulga novo cronograma do Concurso Nacional Unificado"},"content":{"rendered":"\n<p>O Minist\u00e9rio da Gest\u00e3o e da Inova\u00e7\u00e3o em Servi\u00e7os P\u00fablicos divulgou nesta quinta-feira (14) o novo cronograma do Concurso P\u00fablico Nacional Unificado. A prova foi marcada para o dia 5 de maio e ser\u00e1 aplicada em 217 cidades brasileiras.&nbsp;&nbsp;A chefe da pasta, Esther Dweck, afirmou que a altera\u00e7\u00e3o do cronograma aconteceu ap\u00f3s candidatos solicitarem a mudan\u00e7a, para conseguirem um tempo maior de estudos.<\/p>\n\n\n\n<p>\u201cRecebemos muitas solicita\u00e7\u00f5es pelas redes sociais de que as pessoas tivessem mais tempo para estudar\u201d, disse Dweck.\u00a0<\/p>\n\n\n\n<p>Com a atualiza\u00e7\u00e3o, mais 37 cidades v\u00e3o realizar a prova. J\u00e1 a respons\u00e1vel pelo certame \u00e9 a Cesgranrio. O edital de inscri\u00e7\u00e3o ser\u00e1 divulgado no dia 10 de janeiro e as inscri\u00e7\u00f5es ser\u00e3o iniciadas no dia 19 do mesmo m\u00eas e o encerramento est\u00e1 previsto para o dia 9 de fevereiro. Os dados finais de inscri\u00e7\u00f5es ser\u00e1 no dia 29 de fevereiro; a divulga\u00e7\u00e3o dos Cart\u00f5es de Confirma\u00e7\u00e3o est\u00e1 prevista para 29 de abril. Os resultados das provas objetivas e preliminares das provas discursivas e reda\u00e7\u00e3o ser\u00e1 dia 3 de junho.&nbsp;<\/p>\n\n\n\n<p>O resultado final vai acontecer no dia 30 de julho e a convoca\u00e7\u00e3o dos aprovados ter\u00e1 in\u00edcio em 5 de agosto.<\/p>\n\n\n\n<p>Fonte: Bahia Not\u00edcias <\/p>\n","protected":false},"excerpt":{"rendered":"<p>O Minist\u00e9rio da Gest\u00e3o e da Inova\u00e7\u00e3o em Servi\u00e7os P\u00fablicos divulgou nesta quinta-feira (14) o novo cronograma do Concurso P\u00fablico Nacional Unificado. A prova foi marcada para o dia 5 de maio e ser\u00e1 aplicada em 217 cidades brasileiras.&nbsp;&nbsp;A chefe da pasta, Esther Dweck, afirmou que a altera\u00e7\u00e3o do cronograma aconteceu ap\u00f3s candidatos solicitarem a [&hellip;]<\/p>\n","protected":false},"author":2,"featured_media":6973,"comment_status":"open","ping_status":"open","sticky":false,"template":"","format":"standard","meta":{"footnotes":""},"categories":[85],"tags":[],"class_list":["post-6972","post","type-post","status-publish","format-standard","has-post-thumbnail","hentry","category-noticias"],"_links":{"self":[{"href":"https:\/\/salvadoracontece.com.br\/index.php\/wp-json\/wp\/v2\/posts\/6972","targetHints":{"allow":["GET"]}}],"collection":[{"href":"https:\/\/salvadoracontece.com.br\/index.php\/wp-json\/wp\/v2\/posts"}],"about":[{"href":"https:\/\/salvadoracontece.com.br\/index.php\/wp-json\/wp\/v2\/types\/post"}],"author":[{"embeddable":true,"href":"https:\/\/salvadoracontece.com.br\/index.php\/wp-json\/wp\/v2\/users\/2"}],"replies":[{"embeddable":true,"href":"https:\/\/salvadoracontece.com.br\/index.php\/wp-json\/wp\/v2\/comments?post=6972"}],"version-history":[{"count":1,"href":"https:\/\/salvadoracontece.com.br\/index.php\/wp-json\/wp\/v2\/posts\/6972\/revisions"}],"predecessor-version":[{"id":6974,"href":"https:\/\/salvadoracontece.com.br\/index.php\/wp-json\/wp\/v2\/posts\/6972\/revisions\/6974"}],"wp:featuredmedia":[{"embeddable":true,"href":"https:\/\/salvadoracontece.com.br\/index.php\/wp-json\/wp\/v2\/media\/6973"}],"wp:attachment":[{"href":"https:\/\/salvadoracontece.com.br\/index.php\/wp-json\/wp\/v2\/media?parent=6972"}],"wp:term":[{"taxonomy":"category","embeddable":true,"href":"https:\/\/salvadoracontece.com.br\/index.php\/wp-json\/wp\/v2\/categories?post=6972"},{"taxonomy":"post_tag","embeddable":true,"href":"https:\/\/salvadoracontece.com.br\/index.php\/wp-json\/wp\/v2\/tags?post=6972"}],"curies":[{"name":"wp","href":"https:\/\/api.w.org\/{rel}","templated":true}]}}