{"id":7033,"date":"2023-12-18T10:41:28","date_gmt":"2023-12-18T13:41:28","guid":{"rendered":"https:\/\/salvadoracontece.com.br\/?p=7033"},"modified":"2023-12-18T10:41:30","modified_gmt":"2023-12-18T13:41:30","slug":"feita-especialmente-para-o-natal-nova-linha-de-onibus-criada-em-salvador","status":"publish","type":"post","link":"https:\/\/salvadoracontece.com.br\/index.php\/2023\/12\/18\/feita-especialmente-para-o-natal-nova-linha-de-onibus-criada-em-salvador\/","title":{"rendered":"Feita especialmente para o Natal, nova linha de \u00f4nibus criada em Salvador"},"content":{"rendered":"\n<p>Especialmente para o Natal, uma nova linha de \u00f4nibus foi criada para transportar passageiros da Lapa at\u00e9 o Centro Hist\u00f3rico de Salvador, onde ir\u00e3o acontecer os festejos natalinos.<\/p>\n\n\n\n<p>Segundo a Secretaria Municipal de Mobilidade (Semob), a linha 2512 Lapa x Natal Salvador ir\u00e1 levar os passageiros da Esta\u00e7\u00e3o da Lapa at\u00e9 o Elevador Lacerda.<\/p>\n\n\n\n<p>A nova linha j\u00e1 est\u00e1 em circula\u00e7\u00e3o desde a \u00faltima quarta-feira (6). No total, s\u00e3o cinco ve\u00edculos com ar condicionado. Os \u00f4nibus ficar\u00e3o em circula\u00e7\u00e3o at\u00e9 6 de janeiro de 2024, das 16h at\u00e9 23h45.<\/p>\n\n\n\n<p>Al\u00e9m dos \u00f4nibus de linha especial, outros 35 ve\u00edculos foram decorados com uma ilumina\u00e7\u00e3o especial para celebrar o Natal.<\/p>\n\n\n\n<p>Fonte: Varela Net <\/p>\n","protected":false},"excerpt":{"rendered":"<p>Especialmente para o Natal, uma nova linha de \u00f4nibus foi criada para transportar passageiros da Lapa at\u00e9 o Centro Hist\u00f3rico de Salvador, onde ir\u00e3o acontecer os festejos natalinos. Segundo a Secretaria Municipal de Mobilidade (Semob), a linha 2512 Lapa x Natal Salvador ir\u00e1 levar os passageiros da Esta\u00e7\u00e3o da Lapa at\u00e9 o Elevador Lacerda. A [&hellip;]<\/p>\n","protected":false},"author":2,"featured_media":7034,"comment_status":"open","ping_status":"open","sticky":false,"template":"","format":"standard","meta":{"footnotes":""},"categories":[85],"tags":[],"class_list":["post-7033","post","type-post","status-publish","format-standard","has-post-thumbnail","hentry","category-noticias"],"_links":{"self":[{"href":"https:\/\/salvadoracontece.com.br\/index.php\/wp-json\/wp\/v2\/posts\/7033","targetHints":{"allow":["GET"]}}],"collection":[{"href":"https:\/\/salvadoracontece.com.br\/index.php\/wp-json\/wp\/v2\/posts"}],"about":[{"href":"https:\/\/salvadoracontece.com.br\/index.php\/wp-json\/wp\/v2\/types\/post"}],"author":[{"embeddable":true,"href":"https:\/\/salvadoracontece.com.br\/index.php\/wp-json\/wp\/v2\/users\/2"}],"replies":[{"embeddable":true,"href":"https:\/\/salvadoracontece.com.br\/index.php\/wp-json\/wp\/v2\/comments?post=7033"}],"version-history":[{"count":1,"href":"https:\/\/salvadoracontece.com.br\/index.php\/wp-json\/wp\/v2\/posts\/7033\/revisions"}],"predecessor-version":[{"id":7035,"href":"https:\/\/salvadoracontece.com.br\/index.php\/wp-json\/wp\/v2\/posts\/7033\/revisions\/7035"}],"wp:featuredmedia":[{"embeddable":true,"href":"https:\/\/salvadoracontece.com.br\/index.php\/wp-json\/wp\/v2\/media\/7034"}],"wp:attachment":[{"href":"https:\/\/salvadoracontece.com.br\/index.php\/wp-json\/wp\/v2\/media?parent=7033"}],"wp:term":[{"taxonomy":"category","embeddable":true,"href":"https:\/\/salvadoracontece.com.br\/index.php\/wp-json\/wp\/v2\/categories?post=7033"},{"taxonomy":"post_tag","embeddable":true,"href":"https:\/\/salvadoracontece.com.br\/index.php\/wp-json\/wp\/v2\/tags?post=7033"}],"curies":[{"name":"wp","href":"https:\/\/api.w.org\/{rel}","templated":true}]}}