{"id":7078,"date":"2023-12-19T15:01:11","date_gmt":"2023-12-19T18:01:11","guid":{"rendered":"https:\/\/salvadoracontece.com.br\/?p=7078"},"modified":"2023-12-19T15:01:13","modified_gmt":"2023-12-19T18:01:13","slug":"governo-libera-r-4-bilhoes-ao-congresso-apos-aprovacao-de-mp","status":"publish","type":"post","link":"https:\/\/salvadoracontece.com.br\/index.php\/2023\/12\/19\/governo-libera-r-4-bilhoes-ao-congresso-apos-aprovacao-de-mp\/","title":{"rendered":"Governo libera R$ 4 bilh\u00f5es ao Congresso ap\u00f3s aprova\u00e7\u00e3o de MP"},"content":{"rendered":"\n<p>Em um per\u00edodo pr\u00f3ximo de importantes vota\u00e7\u00f5es no Congresso, o Governo Federal liberou R$ 4 bilh\u00f5es em verbas extras do Minist\u00e9rio da Sa\u00fade para munic\u00edpios indicados por alguns parlamentares, segundo reportagem do portal Uol.<\/p>\n\n\n\n<p>Na semana passada, a C\u00e2mara aprovou a Medida Provis\u00f3ria (MP) das Subven\u00e7\u00f5es, que define regras para as empresas usarem benef\u00edcios fiscais j\u00e1 concedidos. A MP ser\u00e1 apreciada pelo Senado nesta ter\u00e7a-feira, 19. Na estimativa do Minist\u00e9rio da Fazenda, a medida pode levar \u00e0 arrecada\u00e7\u00e3o de R$ 35 bilh\u00f5es em 2024.<\/p>\n\n\n\n<p>Ainda segundo a reportagem, a promessa \u00e9 que cada deputado federal que tenha votado a favor da MP ganhe R$ 4 milh\u00f5es. Foram 335 votos favor\u00e1veis. O valor destinado para cada senador ainda n\u00e3o foi calculado.<\/p>\n\n\n\n<p>As verbas adicionas liberadas para negocia\u00e7\u00f5es pol\u00edticas, ao contr\u00e1rio das emendas parlamentares individuais, podem privilegiar os congressistas da base aliada e excluir a oposi\u00e7\u00e3o.<\/p>\n\n\n\n<p>Fonte: A Tarde <\/p>\n","protected":false},"excerpt":{"rendered":"<p>Em um per\u00edodo pr\u00f3ximo de importantes vota\u00e7\u00f5es no Congresso, o Governo Federal liberou R$ 4 bilh\u00f5es em verbas extras do Minist\u00e9rio da Sa\u00fade para munic\u00edpios indicados por alguns parlamentares, segundo reportagem do portal Uol. Na semana passada, a C\u00e2mara aprovou a Medida Provis\u00f3ria (MP) das Subven\u00e7\u00f5es, que define regras para as empresas usarem benef\u00edcios fiscais [&hellip;]<\/p>\n","protected":false},"author":2,"featured_media":7079,"comment_status":"open","ping_status":"open","sticky":false,"template":"","format":"standard","meta":{"footnotes":""},"categories":[91],"tags":[],"class_list":["post-7078","post","type-post","status-publish","format-standard","has-post-thumbnail","hentry","category-politica"],"_links":{"self":[{"href":"https:\/\/salvadoracontece.com.br\/index.php\/wp-json\/wp\/v2\/posts\/7078","targetHints":{"allow":["GET"]}}],"collection":[{"href":"https:\/\/salvadoracontece.com.br\/index.php\/wp-json\/wp\/v2\/posts"}],"about":[{"href":"https:\/\/salvadoracontece.com.br\/index.php\/wp-json\/wp\/v2\/types\/post"}],"author":[{"embeddable":true,"href":"https:\/\/salvadoracontece.com.br\/index.php\/wp-json\/wp\/v2\/users\/2"}],"replies":[{"embeddable":true,"href":"https:\/\/salvadoracontece.com.br\/index.php\/wp-json\/wp\/v2\/comments?post=7078"}],"version-history":[{"count":1,"href":"https:\/\/salvadoracontece.com.br\/index.php\/wp-json\/wp\/v2\/posts\/7078\/revisions"}],"predecessor-version":[{"id":7080,"href":"https:\/\/salvadoracontece.com.br\/index.php\/wp-json\/wp\/v2\/posts\/7078\/revisions\/7080"}],"wp:featuredmedia":[{"embeddable":true,"href":"https:\/\/salvadoracontece.com.br\/index.php\/wp-json\/wp\/v2\/media\/7079"}],"wp:attachment":[{"href":"https:\/\/salvadoracontece.com.br\/index.php\/wp-json\/wp\/v2\/media?parent=7078"}],"wp:term":[{"taxonomy":"category","embeddable":true,"href":"https:\/\/salvadoracontece.com.br\/index.php\/wp-json\/wp\/v2\/categories?post=7078"},{"taxonomy":"post_tag","embeddable":true,"href":"https:\/\/salvadoracontece.com.br\/index.php\/wp-json\/wp\/v2\/tags?post=7078"}],"curies":[{"name":"wp","href":"https:\/\/api.w.org\/{rel}","templated":true}]}}