{"id":7099,"date":"2023-12-20T10:17:54","date_gmt":"2023-12-20T13:17:54","guid":{"rendered":"https:\/\/salvadoracontece.com.br\/?p=7099"},"modified":"2023-12-20T10:17:56","modified_gmt":"2023-12-20T13:17:56","slug":"neymar-nao-vai-jogar-na-copa-america-2024","status":"publish","type":"post","link":"https:\/\/salvadoracontece.com.br\/index.php\/2023\/12\/20\/neymar-nao-vai-jogar-na-copa-america-2024\/","title":{"rendered":"Neymar n\u00e3o vai jogar na Copa Am\u00e9rica 2024"},"content":{"rendered":"\n<p>O m\u00e9dico da sele\u00e7\u00e3o brasileira, Rodrigo Lasmar, afirmou, na noite desta ter\u00e7a-feira (19), que&nbsp;o jogador Neymar est\u00e1 fora da Copa Am\u00e9rica, marcada para acontecer entre junho e julho do pr\u00f3ximo ano. A previs\u00e3o \u00e9 que o atacante retorne aos gramados somente em agosto de 2024, ap\u00f3s nove meses de recupera\u00e7\u00e3o da les\u00e3o de ligamento cruzado anterior do joelho esquerdo.<\/p>\n\n\n\n<p>&#8220;N\u00e3o vai ter tempo. \u00c9 muito cedo. N\u00e3o adianta querer queimar etapas para recuper\u00e1-lo um m\u00eas antes, correndo risco desnecess\u00e1rio\u201d, garantiu.<\/p>\n\n\n\n<p>\u201cNossa expectativa \u00e9 que ele esteja sendo preparado para retornar no in\u00edcio da temporada de 2024, a partir de agosto, algo em torno disso\u201d, completou.<\/p>\n\n\n\n<p>Lasmar tamb\u00e9m contou como est\u00e1 sendo o tratamento do craque. \u201cEle vem&nbsp;se recuperando muito bem. Est\u00e1 com seis semanas de p\u00f3s-operat\u00f3rio. Vem fazendo trabalho de fisioterapia intensivo. Ele vem evoluindo muito bem. Essa fase inicial \u00e9 o momento mais dif\u00edcil. Ele precisa recuperar a flex\u00e3o e a extens\u00e3o completa do joelho\u201d, ressaltou.<\/p>\n\n\n\n<p>O m\u00e9dico tamb\u00e9m detalhou a les\u00e3o sofrida pelo atleta. \u201cNeymar teve uma ruptura no ligamento e em dois meniscos, interno e externo, e ainda teve estiramentos em ligamentos perif\u00e9ricos. Ele passou por procedimento cir\u00fargico para corre\u00e7\u00e3o dessas les\u00f5es. Foi feita uma reconstru\u00e7\u00e3o do ligamento cruzado. Retiramos um enxerto do joelho para refazer o ligamento rompido\u201d, informou.<\/p>\n\n\n\n<p>Fonte: Varela Net <\/p>\n","protected":false},"excerpt":{"rendered":"<p>O m\u00e9dico da sele\u00e7\u00e3o brasileira, Rodrigo Lasmar, afirmou, na noite desta ter\u00e7a-feira (19), que&nbsp;o jogador Neymar est\u00e1 fora da Copa Am\u00e9rica, marcada para acontecer entre junho e julho do pr\u00f3ximo ano. A previs\u00e3o \u00e9 que o atacante retorne aos gramados somente em agosto de 2024, ap\u00f3s nove meses de recupera\u00e7\u00e3o da les\u00e3o de ligamento cruzado [&hellip;]<\/p>\n","protected":false},"author":2,"featured_media":7100,"comment_status":"open","ping_status":"open","sticky":false,"template":"","format":"standard","meta":{"footnotes":""},"categories":[89],"tags":[],"class_list":["post-7099","post","type-post","status-publish","format-standard","has-post-thumbnail","hentry","category-esportes"],"_links":{"self":[{"href":"https:\/\/salvadoracontece.com.br\/index.php\/wp-json\/wp\/v2\/posts\/7099","targetHints":{"allow":["GET"]}}],"collection":[{"href":"https:\/\/salvadoracontece.com.br\/index.php\/wp-json\/wp\/v2\/posts"}],"about":[{"href":"https:\/\/salvadoracontece.com.br\/index.php\/wp-json\/wp\/v2\/types\/post"}],"author":[{"embeddable":true,"href":"https:\/\/salvadoracontece.com.br\/index.php\/wp-json\/wp\/v2\/users\/2"}],"replies":[{"embeddable":true,"href":"https:\/\/salvadoracontece.com.br\/index.php\/wp-json\/wp\/v2\/comments?post=7099"}],"version-history":[{"count":1,"href":"https:\/\/salvadoracontece.com.br\/index.php\/wp-json\/wp\/v2\/posts\/7099\/revisions"}],"predecessor-version":[{"id":7101,"href":"https:\/\/salvadoracontece.com.br\/index.php\/wp-json\/wp\/v2\/posts\/7099\/revisions\/7101"}],"wp:featuredmedia":[{"embeddable":true,"href":"https:\/\/salvadoracontece.com.br\/index.php\/wp-json\/wp\/v2\/media\/7100"}],"wp:attachment":[{"href":"https:\/\/salvadoracontece.com.br\/index.php\/wp-json\/wp\/v2\/media?parent=7099"}],"wp:term":[{"taxonomy":"category","embeddable":true,"href":"https:\/\/salvadoracontece.com.br\/index.php\/wp-json\/wp\/v2\/categories?post=7099"},{"taxonomy":"post_tag","embeddable":true,"href":"https:\/\/salvadoracontece.com.br\/index.php\/wp-json\/wp\/v2\/tags?post=7099"}],"curies":[{"name":"wp","href":"https:\/\/api.w.org\/{rel}","templated":true}]}}