{"id":7111,"date":"2023-12-20T11:33:48","date_gmt":"2023-12-20T14:33:48","guid":{"rendered":"https:\/\/salvadoracontece.com.br\/?p=7111"},"modified":"2023-12-20T11:33:50","modified_gmt":"2023-12-20T14:33:50","slug":"bahia-sera-principal-destino-de-voos-extras-no-periodo-do-carnaval","status":"publish","type":"post","link":"https:\/\/salvadoracontece.com.br\/index.php\/2023\/12\/20\/bahia-sera-principal-destino-de-voos-extras-no-periodo-do-carnaval\/","title":{"rendered":"Bahia ser\u00e1 principal destino de voos extras no per\u00edodo do Carnaval"},"content":{"rendered":"\n<p>A Bahia receber\u00e1 63 voos extras da Azul distribu\u00eddos entre Ilh\u00e9us, Porto Seguro e Salvador para o Carnaval de 2024. Segundo a companhia a\u00e9rea, 56% da malha adicionada para o feriado ser\u00e1 disponibilizada em cidades do Nordeste, com destaque tamb\u00e9m para Macei\u00f3, Fortaleza, Jericoacoara, Jo\u00e3o Pessoa, Natal, Aracaju e Recife.<\/p>\n\n\n\n<p>&#8220;A Azul preparou uma malha focada em v\u00e1rias cidades do pa\u00eds, mas o nordeste \u00e9 a regi\u00e3o que concentra algumas das principais festas carnavalescas e, consequentemente, onde h\u00e1 mais procura nas datas comemorativas. O foco \u00e9 trazer mais conforto e op\u00e7\u00f5es para os nossos Clientes, tornando a experi\u00eancia \u00fanica durante suas viagens&#8221;, avalia Vitor Silva, gerente geral de Planejamento de Malha da Azul Linhas A\u00e9reas.<\/p>\n\n\n\n<p>Ainda de acordo com a companhia, os dias de maior pico de voos extras s\u00e3o 9 e 10 de fevereiro, com 121 voos somados. No fim do Carnaval, 13 e 14 de fevereiro ter\u00e3o 38 e 42 voos, respectivamente.<\/p>\n\n\n\n<p>&#8220;Criamos uma malha que vai atender as expectativas dos clientes que desejam curtir as festividades ou daqueles que querem aproveitar as f\u00e9rias para descansar&#8221;, complementa o executivo.<\/p>\n\n\n\n<p>Com diversas festas que antecedem a folia, o Carnaval de Salvador est\u00e1 previsto para come\u00e7ar no dia 8 e terminar no dia 13 de fevereiro.<\/p>\n\n\n\n<p>Fonte: A Tarde <\/p>\n","protected":false},"excerpt":{"rendered":"<p>A Bahia receber\u00e1 63 voos extras da Azul distribu\u00eddos entre Ilh\u00e9us, Porto Seguro e Salvador para o Carnaval de 2024. Segundo a companhia a\u00e9rea, 56% da malha adicionada para o feriado ser\u00e1 disponibilizada em cidades do Nordeste, com destaque tamb\u00e9m para Macei\u00f3, Fortaleza, Jericoacoara, Jo\u00e3o Pessoa, Natal, Aracaju e Recife. &#8220;A Azul preparou uma malha [&hellip;]<\/p>\n","protected":false},"author":2,"featured_media":7112,"comment_status":"open","ping_status":"open","sticky":false,"template":"","format":"standard","meta":{"footnotes":""},"categories":[85],"tags":[],"class_list":["post-7111","post","type-post","status-publish","format-standard","has-post-thumbnail","hentry","category-noticias"],"_links":{"self":[{"href":"https:\/\/salvadoracontece.com.br\/index.php\/wp-json\/wp\/v2\/posts\/7111","targetHints":{"allow":["GET"]}}],"collection":[{"href":"https:\/\/salvadoracontece.com.br\/index.php\/wp-json\/wp\/v2\/posts"}],"about":[{"href":"https:\/\/salvadoracontece.com.br\/index.php\/wp-json\/wp\/v2\/types\/post"}],"author":[{"embeddable":true,"href":"https:\/\/salvadoracontece.com.br\/index.php\/wp-json\/wp\/v2\/users\/2"}],"replies":[{"embeddable":true,"href":"https:\/\/salvadoracontece.com.br\/index.php\/wp-json\/wp\/v2\/comments?post=7111"}],"version-history":[{"count":1,"href":"https:\/\/salvadoracontece.com.br\/index.php\/wp-json\/wp\/v2\/posts\/7111\/revisions"}],"predecessor-version":[{"id":7113,"href":"https:\/\/salvadoracontece.com.br\/index.php\/wp-json\/wp\/v2\/posts\/7111\/revisions\/7113"}],"wp:featuredmedia":[{"embeddable":true,"href":"https:\/\/salvadoracontece.com.br\/index.php\/wp-json\/wp\/v2\/media\/7112"}],"wp:attachment":[{"href":"https:\/\/salvadoracontece.com.br\/index.php\/wp-json\/wp\/v2\/media?parent=7111"}],"wp:term":[{"taxonomy":"category","embeddable":true,"href":"https:\/\/salvadoracontece.com.br\/index.php\/wp-json\/wp\/v2\/categories?post=7111"},{"taxonomy":"post_tag","embeddable":true,"href":"https:\/\/salvadoracontece.com.br\/index.php\/wp-json\/wp\/v2\/tags?post=7111"}],"curies":[{"name":"wp","href":"https:\/\/api.w.org\/{rel}","templated":true}]}}