{"id":7131,"date":"2023-12-20T14:10:18","date_gmt":"2023-12-20T17:10:18","guid":{"rendered":"https:\/\/salvadoracontece.com.br\/?p=7131"},"modified":"2023-12-20T14:10:20","modified_gmt":"2023-12-20T17:10:20","slug":"jeronimo-rodrigues-anuncia-novo-concurso-publico","status":"publish","type":"post","link":"https:\/\/salvadoracontece.com.br\/index.php\/2023\/12\/20\/jeronimo-rodrigues-anuncia-novo-concurso-publico\/","title":{"rendered":"Jer\u00f4nimo Rodrigues anuncia novo concurso p\u00fablico"},"content":{"rendered":"\n<p>O governador\u00a0Jer\u00f4nimo Rodrigues (PT)\u00a0fez mais um aceno para a Seguran\u00e7a P\u00fablica e anunciou, na tarde desta segunda-feira (18), a realiza\u00e7\u00e3o de um concurso p\u00fablico para a Pol\u00edcia Penal do Estado da Bahia.<\/p>\n\n\n\n<p>O chefe do Executivo fez o an\u00fancio atrav\u00e9s de um v\u00eddeo compartilhado nas redes sociais, no qual aparece ao lado \u00a0do presidente do Sindicato dos Servidores Penitenci\u00e1rios da Bahia, Reivon Pimentel, al\u00e9m dos secret\u00e1rios Jos\u00e9 Maia e Edelvino G\u00f3es.<\/p>\n\n\n\n<p>\u201cInvestimento na nossa seguran\u00e7a p\u00fablica, na ressocializa\u00e7\u00e3o e no refor\u00e7o profissional das nossas unidades\u201d, disse o governador, ressaltando que 287 vagas ser\u00e3o preenchidas.<\/p>\n\n\n\n<figure class=\"wp-block-embed is-type-rich is-provider-twitter wp-block-embed-twitter\"><div class=\"wp-block-embed__wrapper\">\n<blockquote class=\"twitter-tweet\" data-width=\"500\" data-dnt=\"true\"><p lang=\"pt\" dir=\"ltr\">Aten\u00e7\u00e3o concurseiros: em breve teremos concurso para 287 vagas para compor as for\u00e7as do nosso sistema prisional!<a href=\"https:\/\/twitter.com\/hashtag\/SEAP?src=hash&amp;ref_src=twsrc%5Etfw\">#SEAP<\/a> <a href=\"https:\/\/twitter.com\/hashtag\/Concurso?src=hash&amp;ref_src=twsrc%5Etfw\">#Concurso<\/a> <a href=\"https:\/\/twitter.com\/hashtag\/Seguran%C3%A7aP%C3%BAblica?src=hash&amp;ref_src=twsrc%5Etfw\">#Seguran\u00e7aP\u00fablica<\/a> <a href=\"https:\/\/twitter.com\/hashtag\/Bahia?src=hash&amp;ref_src=twsrc%5Etfw\">#Bahia<\/a> <a href=\"https:\/\/twitter.com\/hashtag\/GovernoDaBahia?src=hash&amp;ref_src=twsrc%5Etfw\">#GovernoDaBahia<\/a> <a href=\"https:\/\/t.co\/zJ91BSUmAv\">pic.twitter.com\/zJ91BSUmAv<\/a><\/p>&mdash; Jer\u00f4nimo Rodrigues (@Jeronimoba13) <a href=\"https:\/\/twitter.com\/Jeronimoba13\/status\/1736835901966131598?ref_src=twsrc%5Etfw\">December 18, 2023<\/a><\/blockquote><script async src=\"https:\/\/platform.twitter.com\/widgets.js\" charset=\"utf-8\"><\/script>\n<\/div><\/figure>\n\n\n\n<p>Fonte: Boc\u00e3o News <\/p>\n\n\n\n<p><\/p>\n","protected":false},"excerpt":{"rendered":"<p>O governador\u00a0Jer\u00f4nimo Rodrigues (PT)\u00a0fez mais um aceno para a Seguran\u00e7a P\u00fablica e anunciou, na tarde desta segunda-feira (18), a realiza\u00e7\u00e3o de um concurso p\u00fablico para a Pol\u00edcia Penal do Estado da Bahia. O chefe do Executivo fez o an\u00fancio atrav\u00e9s de um v\u00eddeo compartilhado nas redes sociais, no qual aparece ao lado \u00a0do presidente do [&hellip;]<\/p>\n","protected":false},"author":2,"featured_media":7132,"comment_status":"open","ping_status":"open","sticky":false,"template":"","format":"standard","meta":{"footnotes":""},"categories":[91],"tags":[],"class_list":["post-7131","post","type-post","status-publish","format-standard","has-post-thumbnail","hentry","category-politica"],"_links":{"self":[{"href":"https:\/\/salvadoracontece.com.br\/index.php\/wp-json\/wp\/v2\/posts\/7131","targetHints":{"allow":["GET"]}}],"collection":[{"href":"https:\/\/salvadoracontece.com.br\/index.php\/wp-json\/wp\/v2\/posts"}],"about":[{"href":"https:\/\/salvadoracontece.com.br\/index.php\/wp-json\/wp\/v2\/types\/post"}],"author":[{"embeddable":true,"href":"https:\/\/salvadoracontece.com.br\/index.php\/wp-json\/wp\/v2\/users\/2"}],"replies":[{"embeddable":true,"href":"https:\/\/salvadoracontece.com.br\/index.php\/wp-json\/wp\/v2\/comments?post=7131"}],"version-history":[{"count":1,"href":"https:\/\/salvadoracontece.com.br\/index.php\/wp-json\/wp\/v2\/posts\/7131\/revisions"}],"predecessor-version":[{"id":7133,"href":"https:\/\/salvadoracontece.com.br\/index.php\/wp-json\/wp\/v2\/posts\/7131\/revisions\/7133"}],"wp:featuredmedia":[{"embeddable":true,"href":"https:\/\/salvadoracontece.com.br\/index.php\/wp-json\/wp\/v2\/media\/7132"}],"wp:attachment":[{"href":"https:\/\/salvadoracontece.com.br\/index.php\/wp-json\/wp\/v2\/media?parent=7131"}],"wp:term":[{"taxonomy":"category","embeddable":true,"href":"https:\/\/salvadoracontece.com.br\/index.php\/wp-json\/wp\/v2\/categories?post=7131"},{"taxonomy":"post_tag","embeddable":true,"href":"https:\/\/salvadoracontece.com.br\/index.php\/wp-json\/wp\/v2\/tags?post=7131"}],"curies":[{"name":"wp","href":"https:\/\/api.w.org\/{rel}","templated":true}]}}