{"id":7414,"date":"2024-01-12T10:50:07","date_gmt":"2024-01-12T13:50:07","guid":{"rendered":"https:\/\/salvadoracontece.com.br\/?p=7414"},"modified":"2024-01-12T10:50:08","modified_gmt":"2024-01-12T13:50:08","slug":"regiao-da-pituba-tera-transito-alterado-por-conta-de-obras","status":"publish","type":"post","link":"https:\/\/salvadoracontece.com.br\/index.php\/2024\/01\/12\/regiao-da-pituba-tera-transito-alterado-por-conta-de-obras\/","title":{"rendered":"Regi\u00e3o da Pituba ter\u00e1 tr\u00e2nsito alterado por conta de obras"},"content":{"rendered":"\n<p>O tr\u00e2nsito entre a Rua das Orqu\u00eddeas e a Rua das Cam\u00e9lias, na Pituba, ser\u00e1 bloqueado. De acordo com a Transalvador, a via ser\u00e1 interditada devido a obras de requalifica\u00e7\u00e3o na Rua das Rosas.<\/p>\n\n\n\n<p>A expectativa da Superintend\u00eancia de Obras P\u00fablicas do Salvador (Sucop) \u00e9 de que o trecho seja liberado em 60 dias. Os motoristas, agora, tem a seguinte alternativa: Acessar a Rua das Rosas pela avenida Paulo VI.<\/p>\n\n\n\n<p>Agentes de tr\u00e2nsito estar\u00e3o no local para poder orientar os condutores e pedestres. A sinaliza\u00e7\u00e3o tamb\u00e9m ser\u00e1 refor\u00e7ada para informar sobre o bloqueio.<\/p>\n\n\n\n<p>Fonte: Varela Net<\/p>\n","protected":false},"excerpt":{"rendered":"<p>O tr\u00e2nsito entre a Rua das Orqu\u00eddeas e a Rua das Cam\u00e9lias, na Pituba, ser\u00e1 bloqueado. De acordo com a Transalvador, a via ser\u00e1 interditada devido a obras de requalifica\u00e7\u00e3o na Rua das Rosas. A expectativa da Superintend\u00eancia de Obras P\u00fablicas do Salvador (Sucop) \u00e9 de que o trecho seja liberado em 60 dias. Os [&hellip;]<\/p>\n","protected":false},"author":2,"featured_media":7413,"comment_status":"open","ping_status":"open","sticky":false,"template":"","format":"standard","meta":{"footnotes":""},"categories":[85],"tags":[],"class_list":["post-7414","post","type-post","status-publish","format-standard","has-post-thumbnail","hentry","category-noticias"],"_links":{"self":[{"href":"https:\/\/salvadoracontece.com.br\/index.php\/wp-json\/wp\/v2\/posts\/7414","targetHints":{"allow":["GET"]}}],"collection":[{"href":"https:\/\/salvadoracontece.com.br\/index.php\/wp-json\/wp\/v2\/posts"}],"about":[{"href":"https:\/\/salvadoracontece.com.br\/index.php\/wp-json\/wp\/v2\/types\/post"}],"author":[{"embeddable":true,"href":"https:\/\/salvadoracontece.com.br\/index.php\/wp-json\/wp\/v2\/users\/2"}],"replies":[{"embeddable":true,"href":"https:\/\/salvadoracontece.com.br\/index.php\/wp-json\/wp\/v2\/comments?post=7414"}],"version-history":[{"count":1,"href":"https:\/\/salvadoracontece.com.br\/index.php\/wp-json\/wp\/v2\/posts\/7414\/revisions"}],"predecessor-version":[{"id":7415,"href":"https:\/\/salvadoracontece.com.br\/index.php\/wp-json\/wp\/v2\/posts\/7414\/revisions\/7415"}],"wp:featuredmedia":[{"embeddable":true,"href":"https:\/\/salvadoracontece.com.br\/index.php\/wp-json\/wp\/v2\/media\/7413"}],"wp:attachment":[{"href":"https:\/\/salvadoracontece.com.br\/index.php\/wp-json\/wp\/v2\/media?parent=7414"}],"wp:term":[{"taxonomy":"category","embeddable":true,"href":"https:\/\/salvadoracontece.com.br\/index.php\/wp-json\/wp\/v2\/categories?post=7414"},{"taxonomy":"post_tag","embeddable":true,"href":"https:\/\/salvadoracontece.com.br\/index.php\/wp-json\/wp\/v2\/tags?post=7414"}],"curies":[{"name":"wp","href":"https:\/\/api.w.org\/{rel}","templated":true}]}}