{"id":7417,"date":"2024-01-12T10:50:58","date_gmt":"2024-01-12T13:50:58","guid":{"rendered":"https:\/\/salvadoracontece.com.br\/?p=7417"},"modified":"2024-01-12T10:51:00","modified_gmt":"2024-01-12T13:51:00","slug":"margareth-menezes-ressalta-importancia-da-lavagem-do-bonfim-para-a-bahia","status":"publish","type":"post","link":"https:\/\/salvadoracontece.com.br\/index.php\/2024\/01\/12\/margareth-menezes-ressalta-importancia-da-lavagem-do-bonfim-para-a-bahia\/","title":{"rendered":"Margareth Menezes ressalta import\u00e2ncia da Lavagem do Bonfim para a Bahia"},"content":{"rendered":"\n<p>A ministra da Cultura Margareth Menezes ressaltou a import\u00e2ncia da Lavagem do Bonfim, uma das festas mais esperadas do calend\u00e1rio baiano, que acontece nesta quarta-feira (11), em Salvador.<\/p>\n\n\n\n<p>Margareth disse durante a festa, que sempre esteve presente nos anos anteriores da festa da Lavagem do Bonfim e a import\u00e2ncia do cortejo para a capital. &nbsp;\u201c\u00c9 um momento importante para n\u00f3s da religiosidade, da cultura e da f\u00e9. Esse ano estourou. Est\u00e1 mais do que estourada a Festa do Bonfim. \u00c9 muito importante\u201d, celebrou. &nbsp;<\/p>\n\n\n\n<p>Milhares de pessoas todos os anos caminham rumo \u00e0 Colina Sagrada para realiza\u00e7\u00e3o do festejo \u00e9 algo tradicional em Salvador. E conta com a presen\u00e7a de fi\u00e9s de v\u00e1rios estados e munic\u00edpios.&nbsp;<\/p>\n\n\n\n<p>\u201cj\u00e1 d\u00e1 um bom testemunho do valor desse momento para os baianos e brasileiros\u201d, finalizou a ministra. <\/p>\n\n\n\n<p>Fonte: Varela Net<\/p>\n","protected":false},"excerpt":{"rendered":"<p>A ministra da Cultura Margareth Menezes ressaltou a import\u00e2ncia da Lavagem do Bonfim, uma das festas mais esperadas do calend\u00e1rio baiano, que acontece nesta quarta-feira (11), em Salvador. Margareth disse durante a festa, que sempre esteve presente nos anos anteriores da festa da Lavagem do Bonfim e a import\u00e2ncia do cortejo para a capital. &nbsp;\u201c\u00c9 [&hellip;]<\/p>\n","protected":false},"author":2,"featured_media":7416,"comment_status":"open","ping_status":"open","sticky":false,"template":"","format":"standard","meta":{"footnotes":""},"categories":[85],"tags":[],"class_list":["post-7417","post","type-post","status-publish","format-standard","has-post-thumbnail","hentry","category-noticias"],"_links":{"self":[{"href":"https:\/\/salvadoracontece.com.br\/index.php\/wp-json\/wp\/v2\/posts\/7417","targetHints":{"allow":["GET"]}}],"collection":[{"href":"https:\/\/salvadoracontece.com.br\/index.php\/wp-json\/wp\/v2\/posts"}],"about":[{"href":"https:\/\/salvadoracontece.com.br\/index.php\/wp-json\/wp\/v2\/types\/post"}],"author":[{"embeddable":true,"href":"https:\/\/salvadoracontece.com.br\/index.php\/wp-json\/wp\/v2\/users\/2"}],"replies":[{"embeddable":true,"href":"https:\/\/salvadoracontece.com.br\/index.php\/wp-json\/wp\/v2\/comments?post=7417"}],"version-history":[{"count":1,"href":"https:\/\/salvadoracontece.com.br\/index.php\/wp-json\/wp\/v2\/posts\/7417\/revisions"}],"predecessor-version":[{"id":7418,"href":"https:\/\/salvadoracontece.com.br\/index.php\/wp-json\/wp\/v2\/posts\/7417\/revisions\/7418"}],"wp:featuredmedia":[{"embeddable":true,"href":"https:\/\/salvadoracontece.com.br\/index.php\/wp-json\/wp\/v2\/media\/7416"}],"wp:attachment":[{"href":"https:\/\/salvadoracontece.com.br\/index.php\/wp-json\/wp\/v2\/media?parent=7417"}],"wp:term":[{"taxonomy":"category","embeddable":true,"href":"https:\/\/salvadoracontece.com.br\/index.php\/wp-json\/wp\/v2\/categories?post=7417"},{"taxonomy":"post_tag","embeddable":true,"href":"https:\/\/salvadoracontece.com.br\/index.php\/wp-json\/wp\/v2\/tags?post=7417"}],"curies":[{"name":"wp","href":"https:\/\/api.w.org\/{rel}","templated":true}]}}