{"id":7420,"date":"2024-01-12T11:46:39","date_gmt":"2024-01-12T14:46:39","guid":{"rendered":"https:\/\/salvadoracontece.com.br\/?p=7420"},"modified":"2024-01-12T11:46:40","modified_gmt":"2024-01-12T14:46:40","slug":"fbf-promove-evento-de-lancamento-do-campeonato-baiano-2024-em-salvador","status":"publish","type":"post","link":"https:\/\/salvadoracontece.com.br\/index.php\/2024\/01\/12\/fbf-promove-evento-de-lancamento-do-campeonato-baiano-2024-em-salvador\/","title":{"rendered":"FBF promove evento de lan\u00e7amento do Campeonato Baiano 2024 em Salvador"},"content":{"rendered":"\n<p>O Campeonato Baiano de 2024 est\u00e1 oficialmente lan\u00e7ado. A Federa\u00e7\u00e3o Bahiana de Futebol (FBF) promoveu na manh\u00e3 desta sexta-feira um evento de abertura da competi\u00e7\u00e3o estadual. A bola vai rolar nos gramados do est\u00e1dio entre os dias 14 de janeiro e 7 de abril, data prevista para a final. O presidente da entidade, Ricardo Lima, exaltou a disputa.<\/p>\n\n\n\n<p>&#8220;Mais um in\u00edcio de competi\u00e7\u00e3o. A bola j\u00e1 rola no pr\u00f3ximo domingo e a gente fica feliz. Ser\u00e1 uma grande festa para o torcedor baiano e tenho certeza, uma grande entrega por todos n\u00f3s&#8221;, afirmou.<\/p>\n\n\n\n<p>Quem tamb\u00e9m marcou presen\u00e7a no evento foi Ednaldo Rodrigues, presidente da Confedera\u00e7\u00e3o Brasileira de Futebol (CBF). Ele presidiu a FBF em quatro mandatos seguidos e passou o bast\u00e3o para Ricardo Lima. O dirigente relembrou sua sa\u00edda da entidade e desejou sucesso \u00e0 competi\u00e7\u00e3o estadual que ser\u00e1 disputada por Atl\u00e9tico de Alagoinhas, Bahia, Bahia de Feira, Barcelona de Ilh\u00e9us, Itabuna, Jacobina, Jacuipense, Jequi\u00e9, Juazeirense e Vit\u00f3ria.<\/p>\n\n\n\n<p>&#8220;\u00c9 um momento de alegrias. O lan\u00e7amento do Campeonato Baiano, exatamente hoje tem cinco anos que passei o bast\u00e3o para Ricardo Lima como presidente da FBF e \u00e9 o primeiro evento que eu retorno \u00e0 Bahia ap\u00f3s minha sa\u00edda da FBF. Me sinto muito alegre em estar aqui abra\u00e7ando todos e desejando pleno sucesso ao futebol baiano como um todo, como a S\u00e9rie A e B, competi\u00e7\u00f5es de base e feminina, o Intermunicipal, que \u00e9 a menina dos olhos&#8221;, comentou. <\/p>\n\n\n\n<p>O Baian\u00e3o come\u00e7a dentro das quatro linhas a partir deste domingo (14), \u00e0s 16h, com o duelo entre Bahia de Feira e Jacobina, na Arena Cajueiro. Em seguida, \u00e0s 18h30, Itabuna e Atl\u00e9tico de Alagoinhas se enfrentam no M\u00e1rio Pessoa. A primeira rodada ser\u00e1 completada na pr\u00f3xima quarta (17), com mais tr\u00eas jogos. Barcelona de Ilh\u00e9us e Juazeirense medem for\u00e7as no M\u00e1rio Pessoa, \u00e0s 17h. Um pouco mais tarde, \u00e0s 19h15, o Jacuipense encara o Vit\u00f3ria, na Arena Valfred\u00e3o. Por fim, \u00e0s 21h30, Bahia e Jequi\u00e9 jogam na Arena Fonte Nova.<\/p>\n\n\n\n<p>O atual campe\u00e3o \u00e9 o Bahia, que tamb\u00e9m tem o maior n\u00famero de conquistas da competi\u00e7\u00e3o com 50.<\/p>\n\n\n\n<p>Fonte: Varela Net<\/p>\n","protected":false},"excerpt":{"rendered":"<p>O Campeonato Baiano de 2024 est\u00e1 oficialmente lan\u00e7ado. A Federa\u00e7\u00e3o Bahiana de Futebol (FBF) promoveu na manh\u00e3 desta sexta-feira um evento de abertura da competi\u00e7\u00e3o estadual. A bola vai rolar nos gramados do est\u00e1dio entre os dias 14 de janeiro e 7 de abril, data prevista para a final. O presidente da entidade, Ricardo Lima, [&hellip;]<\/p>\n","protected":false},"author":2,"featured_media":7419,"comment_status":"open","ping_status":"open","sticky":false,"template":"","format":"standard","meta":{"footnotes":""},"categories":[89],"tags":[],"class_list":["post-7420","post","type-post","status-publish","format-standard","has-post-thumbnail","hentry","category-esportes"],"_links":{"self":[{"href":"https:\/\/salvadoracontece.com.br\/index.php\/wp-json\/wp\/v2\/posts\/7420","targetHints":{"allow":["GET"]}}],"collection":[{"href":"https:\/\/salvadoracontece.com.br\/index.php\/wp-json\/wp\/v2\/posts"}],"about":[{"href":"https:\/\/salvadoracontece.com.br\/index.php\/wp-json\/wp\/v2\/types\/post"}],"author":[{"embeddable":true,"href":"https:\/\/salvadoracontece.com.br\/index.php\/wp-json\/wp\/v2\/users\/2"}],"replies":[{"embeddable":true,"href":"https:\/\/salvadoracontece.com.br\/index.php\/wp-json\/wp\/v2\/comments?post=7420"}],"version-history":[{"count":1,"href":"https:\/\/salvadoracontece.com.br\/index.php\/wp-json\/wp\/v2\/posts\/7420\/revisions"}],"predecessor-version":[{"id":7421,"href":"https:\/\/salvadoracontece.com.br\/index.php\/wp-json\/wp\/v2\/posts\/7420\/revisions\/7421"}],"wp:featuredmedia":[{"embeddable":true,"href":"https:\/\/salvadoracontece.com.br\/index.php\/wp-json\/wp\/v2\/media\/7419"}],"wp:attachment":[{"href":"https:\/\/salvadoracontece.com.br\/index.php\/wp-json\/wp\/v2\/media?parent=7420"}],"wp:term":[{"taxonomy":"category","embeddable":true,"href":"https:\/\/salvadoracontece.com.br\/index.php\/wp-json\/wp\/v2\/categories?post=7420"},{"taxonomy":"post_tag","embeddable":true,"href":"https:\/\/salvadoracontece.com.br\/index.php\/wp-json\/wp\/v2\/tags?post=7420"}],"curies":[{"name":"wp","href":"https:\/\/api.w.org\/{rel}","templated":true}]}}