{"id":7423,"date":"2024-01-12T11:48:43","date_gmt":"2024-01-12T14:48:43","guid":{"rendered":"https:\/\/salvadoracontece.com.br\/?p=7423"},"modified":"2024-01-12T11:48:44","modified_gmt":"2024-01-12T14:48:44","slug":"lavagem-do-bonfim-2024-termina-sem-registro-de-crime-grave-contra-a-vida","status":"publish","type":"post","link":"https:\/\/salvadoracontece.com.br\/index.php\/2024\/01\/12\/lavagem-do-bonfim-2024-termina-sem-registro-de-crime-grave-contra-a-vida\/","title":{"rendered":"Lavagem do Bonfim 2024 termina sem registro de crime grave contra a vida"},"content":{"rendered":"\n<p>A Lavagem do Bonfim 2024, segundo maior evento do calend\u00e1rio de festas populares do ver\u00e3o baiano, terminou nesta sexta-feira (12), sem registro de homic\u00eddio, latroc\u00ednio, tentativa de homic\u00eddio, feminic\u00eddio e les\u00e3o dolosa seguida de morte.<\/p>\n\n\n\n<p>Cerca de dois mil policiais e bombeiros, c\u00e2meras com Sistema de Reconhecimento Facial e postos policiais e de bombeiros foram empregados ao longo do circuito pela Secretaria da Seguran\u00e7a P\u00fablica. <\/p>\n\n\n\n<p>Al\u00e9m da aus\u00eancia de crime grave contra a vida, a pol\u00edcia desarticulou um trio que praticou furtos na regi\u00e3o da Baixa do Bonfim. Com duas mulheres e um homem foram recuperados 14 celulares e cart\u00f5es banc\u00e1rios.<\/p>\n\n\n\n<p>O evento registrou tamb\u00e9m um caso de les\u00e3o corporal, 96 furtos e dois roubos.<\/p>\n\n\n\n<p><strong>MORTE AP\u00d3S FESTA<\/strong><\/p>\n\n\n\n<p>Um homem foi morto a tiros ap\u00f3s participar da Lavagem do Bonfim, na quinta-feira (11). O crime aconteceu na regi\u00e3o da Ladeira da \u00c1gua Brusca, no bairro do Barbalho, em Salvador.<\/p>\n\n\n\n<p><br>A v\u00edtima foi identificada como Nilton Leal da Concei\u00e7\u00e3o, era bastante conhecido no Engenho Velho de Brotas com o apelido de \u201cMeu Bem\u201d e tinha 45 anos. Informa\u00e7\u00f5es preliminares obtidas pela Pol\u00edcia Civil passadas por testemunhas \u00e9 que um homem se aproximou dela, na rua Vital Rego, atirou e fugiu.<\/p>\n\n\n\n<p>O caso \u00e9 investigado pela 3\u00aa Delegacia de Homic\u00eddios (DH\/BTS), que fica no Departamento de Homic\u00eddios e Prote\u00e7\u00e3o \u00e0 Pessoa (DHPP). Ainda n\u00e3o h\u00e1 detalhes sobre a autoria e motiva\u00e7\u00e3o do crime.<\/p>\n\n\n\n<p>Fonte: Varela Net<\/p>\n","protected":false},"excerpt":{"rendered":"<p>A Lavagem do Bonfim 2024, segundo maior evento do calend\u00e1rio de festas populares do ver\u00e3o baiano, terminou nesta sexta-feira (12), sem registro de homic\u00eddio, latroc\u00ednio, tentativa de homic\u00eddio, feminic\u00eddio e les\u00e3o dolosa seguida de morte. Cerca de dois mil policiais e bombeiros, c\u00e2meras com Sistema de Reconhecimento Facial e postos policiais e de bombeiros foram [&hellip;]<\/p>\n","protected":false},"author":2,"featured_media":7422,"comment_status":"open","ping_status":"open","sticky":false,"template":"","format":"standard","meta":{"footnotes":""},"categories":[85],"tags":[],"class_list":["post-7423","post","type-post","status-publish","format-standard","has-post-thumbnail","hentry","category-noticias"],"_links":{"self":[{"href":"https:\/\/salvadoracontece.com.br\/index.php\/wp-json\/wp\/v2\/posts\/7423","targetHints":{"allow":["GET"]}}],"collection":[{"href":"https:\/\/salvadoracontece.com.br\/index.php\/wp-json\/wp\/v2\/posts"}],"about":[{"href":"https:\/\/salvadoracontece.com.br\/index.php\/wp-json\/wp\/v2\/types\/post"}],"author":[{"embeddable":true,"href":"https:\/\/salvadoracontece.com.br\/index.php\/wp-json\/wp\/v2\/users\/2"}],"replies":[{"embeddable":true,"href":"https:\/\/salvadoracontece.com.br\/index.php\/wp-json\/wp\/v2\/comments?post=7423"}],"version-history":[{"count":1,"href":"https:\/\/salvadoracontece.com.br\/index.php\/wp-json\/wp\/v2\/posts\/7423\/revisions"}],"predecessor-version":[{"id":7424,"href":"https:\/\/salvadoracontece.com.br\/index.php\/wp-json\/wp\/v2\/posts\/7423\/revisions\/7424"}],"wp:featuredmedia":[{"embeddable":true,"href":"https:\/\/salvadoracontece.com.br\/index.php\/wp-json\/wp\/v2\/media\/7422"}],"wp:attachment":[{"href":"https:\/\/salvadoracontece.com.br\/index.php\/wp-json\/wp\/v2\/media?parent=7423"}],"wp:term":[{"taxonomy":"category","embeddable":true,"href":"https:\/\/salvadoracontece.com.br\/index.php\/wp-json\/wp\/v2\/categories?post=7423"},{"taxonomy":"post_tag","embeddable":true,"href":"https:\/\/salvadoracontece.com.br\/index.php\/wp-json\/wp\/v2\/tags?post=7423"}],"curies":[{"name":"wp","href":"https:\/\/api.w.org\/{rel}","templated":true}]}}