{"id":7438,"date":"2024-01-15T10:05:05","date_gmt":"2024-01-15T13:05:05","guid":{"rendered":"https:\/\/salvadoracontece.com.br\/?p=7438"},"modified":"2024-01-15T10:05:06","modified_gmt":"2024-01-15T13:05:06","slug":"homem-e-preso-em-flagrante-suspeito-de-importunacao-sexual-em-salvador","status":"publish","type":"post","link":"https:\/\/salvadoracontece.com.br\/index.php\/2024\/01\/15\/homem-e-preso-em-flagrante-suspeito-de-importunacao-sexual-em-salvador\/","title":{"rendered":"Homem \u00e9 preso em flagrante suspeito de importuna\u00e7\u00e3o sexual em Salvador"},"content":{"rendered":"\n<p>Nesta sexta-feira (12), um homem foi preso em flagrante na Esta\u00e7\u00e3o da Lapa, por suspeita de importuna\u00e7\u00e3o sexual contra uma adolescente.<\/p>\n\n\n\n<p>De acordo com a Pol\u00edcia Civil, o suspeito teria tocado nas partes \u00edntimas da jovem. A Delegacia Especializada de Repress\u00e3o a Crimes Contra a Crian\u00e7a e o Adolescente (DERCCA) segue a frente das investiga\u00e7\u00f5es, pois a v\u00edtima ainda n\u00e3o tem 18 anos.<\/p>\n\n\n\n<p>A CCR Metr\u00f4 informou, em nota, que os agentes de atendimento e seguran\u00e7a do transporte acionaram a Pol\u00edcia Militar ap\u00f3s receberem a den\u00fancia.\u00a0<\/p>\n\n\n\n<p>Fonte: Varela Net<\/p>\n","protected":false},"excerpt":{"rendered":"<p>Nesta sexta-feira (12), um homem foi preso em flagrante na Esta\u00e7\u00e3o da Lapa, por suspeita de importuna\u00e7\u00e3o sexual contra uma adolescente. De acordo com a Pol\u00edcia Civil, o suspeito teria tocado nas partes \u00edntimas da jovem. A Delegacia Especializada de Repress\u00e3o a Crimes Contra a Crian\u00e7a e o Adolescente (DERCCA) segue a frente das investiga\u00e7\u00f5es, [&hellip;]<\/p>\n","protected":false},"author":2,"featured_media":7439,"comment_status":"open","ping_status":"open","sticky":false,"template":"","format":"standard","meta":{"footnotes":""},"categories":[105],"tags":[],"class_list":["post-7438","post","type-post","status-publish","format-standard","has-post-thumbnail","hentry","category-policia"],"_links":{"self":[{"href":"https:\/\/salvadoracontece.com.br\/index.php\/wp-json\/wp\/v2\/posts\/7438","targetHints":{"allow":["GET"]}}],"collection":[{"href":"https:\/\/salvadoracontece.com.br\/index.php\/wp-json\/wp\/v2\/posts"}],"about":[{"href":"https:\/\/salvadoracontece.com.br\/index.php\/wp-json\/wp\/v2\/types\/post"}],"author":[{"embeddable":true,"href":"https:\/\/salvadoracontece.com.br\/index.php\/wp-json\/wp\/v2\/users\/2"}],"replies":[{"embeddable":true,"href":"https:\/\/salvadoracontece.com.br\/index.php\/wp-json\/wp\/v2\/comments?post=7438"}],"version-history":[{"count":1,"href":"https:\/\/salvadoracontece.com.br\/index.php\/wp-json\/wp\/v2\/posts\/7438\/revisions"}],"predecessor-version":[{"id":7440,"href":"https:\/\/salvadoracontece.com.br\/index.php\/wp-json\/wp\/v2\/posts\/7438\/revisions\/7440"}],"wp:featuredmedia":[{"embeddable":true,"href":"https:\/\/salvadoracontece.com.br\/index.php\/wp-json\/wp\/v2\/media\/7439"}],"wp:attachment":[{"href":"https:\/\/salvadoracontece.com.br\/index.php\/wp-json\/wp\/v2\/media?parent=7438"}],"wp:term":[{"taxonomy":"category","embeddable":true,"href":"https:\/\/salvadoracontece.com.br\/index.php\/wp-json\/wp\/v2\/categories?post=7438"},{"taxonomy":"post_tag","embeddable":true,"href":"https:\/\/salvadoracontece.com.br\/index.php\/wp-json\/wp\/v2\/tags?post=7438"}],"curies":[{"name":"wp","href":"https:\/\/api.w.org\/{rel}","templated":true}]}}