{"id":7555,"date":"2024-01-17T11:41:31","date_gmt":"2024-01-17T14:41:31","guid":{"rendered":"https:\/\/salvadoracontece.com.br\/?p=7555"},"modified":"2024-01-17T11:41:34","modified_gmt":"2024-01-17T14:41:34","slug":"van-bate-em-poste-na-av-carlos-gomes-e-deixa-tres-feridos","status":"publish","type":"post","link":"https:\/\/salvadoracontece.com.br\/index.php\/2024\/01\/17\/van-bate-em-poste-na-av-carlos-gomes-e-deixa-tres-feridos\/","title":{"rendered":"Van bate em poste na Av. Carlos Gomes e deixa tr\u00eas feridos"},"content":{"rendered":"\n<p>Tr\u00eas pessoas ficaram feridas em um acidente na manh\u00e3 desta quarta-feira, 17, na regi\u00e3o da Avenida Carlos Gomes, em Salvador. O caso aconteceu por volta das 7h.<\/p>\n\n\n\n<p>Segundo a Superintend\u00eancia de Tr\u00e2nsito do Salvador (Transalvador), uma van se chocou com um poste. As tr\u00eas v\u00edtimas que ficaram feridas estavam dentro do ve\u00edculo e foram socorridas pelo Servi\u00e7o de Atendimento M\u00e9dico de Urg\u00eancia (Samu). N\u00e3o h\u00e1 informa\u00e7\u00f5es sobre o estado de sa\u00fade delas.<\/p>\n\n\n\n<p>O ve\u00edculo tamb\u00e9m j\u00e1 foi retirado do local e o tr\u00e2nsito segue normal.<\/p>\n\n\n\n<p>Fonte: A Tarde <\/p>\n","protected":false},"excerpt":{"rendered":"<p>Tr\u00eas pessoas ficaram feridas em um acidente na manh\u00e3 desta quarta-feira, 17, na regi\u00e3o da Avenida Carlos Gomes, em Salvador. O caso aconteceu por volta das 7h. Segundo a Superintend\u00eancia de Tr\u00e2nsito do Salvador (Transalvador), uma van se chocou com um poste. As tr\u00eas v\u00edtimas que ficaram feridas estavam dentro do ve\u00edculo e foram socorridas [&hellip;]<\/p>\n","protected":false},"author":2,"featured_media":7556,"comment_status":"open","ping_status":"open","sticky":false,"template":"","format":"standard","meta":{"footnotes":""},"categories":[85],"tags":[],"class_list":["post-7555","post","type-post","status-publish","format-standard","has-post-thumbnail","hentry","category-noticias"],"_links":{"self":[{"href":"https:\/\/salvadoracontece.com.br\/index.php\/wp-json\/wp\/v2\/posts\/7555","targetHints":{"allow":["GET"]}}],"collection":[{"href":"https:\/\/salvadoracontece.com.br\/index.php\/wp-json\/wp\/v2\/posts"}],"about":[{"href":"https:\/\/salvadoracontece.com.br\/index.php\/wp-json\/wp\/v2\/types\/post"}],"author":[{"embeddable":true,"href":"https:\/\/salvadoracontece.com.br\/index.php\/wp-json\/wp\/v2\/users\/2"}],"replies":[{"embeddable":true,"href":"https:\/\/salvadoracontece.com.br\/index.php\/wp-json\/wp\/v2\/comments?post=7555"}],"version-history":[{"count":1,"href":"https:\/\/salvadoracontece.com.br\/index.php\/wp-json\/wp\/v2\/posts\/7555\/revisions"}],"predecessor-version":[{"id":7557,"href":"https:\/\/salvadoracontece.com.br\/index.php\/wp-json\/wp\/v2\/posts\/7555\/revisions\/7557"}],"wp:featuredmedia":[{"embeddable":true,"href":"https:\/\/salvadoracontece.com.br\/index.php\/wp-json\/wp\/v2\/media\/7556"}],"wp:attachment":[{"href":"https:\/\/salvadoracontece.com.br\/index.php\/wp-json\/wp\/v2\/media?parent=7555"}],"wp:term":[{"taxonomy":"category","embeddable":true,"href":"https:\/\/salvadoracontece.com.br\/index.php\/wp-json\/wp\/v2\/categories?post=7555"},{"taxonomy":"post_tag","embeddable":true,"href":"https:\/\/salvadoracontece.com.br\/index.php\/wp-json\/wp\/v2\/tags?post=7555"}],"curies":[{"name":"wp","href":"https:\/\/api.w.org\/{rel}","templated":true}]}}