{"id":7567,"date":"2024-01-17T13:57:19","date_gmt":"2024-01-17T16:57:19","guid":{"rendered":"https:\/\/salvadoracontece.com.br\/?p=7567"},"modified":"2024-01-17T13:57:21","modified_gmt":"2024-01-17T16:57:21","slug":"com-ferry-parado-travessia-preve-longas-filas-na-proxima-semana","status":"publish","type":"post","link":"https:\/\/salvadoracontece.com.br\/index.php\/2024\/01\/17\/com-ferry-parado-travessia-preve-longas-filas-na-proxima-semana\/","title":{"rendered":"Com ferry parado, travessia prev\u00ea longas filas na pr\u00f3xima semana"},"content":{"rendered":"\n<p>A Internacional Travessias, publicou nesta quarta-feira, 17, que o Ferry-Boat Zumbi dos Palmares passar\u00e1 por uma parada programada entre os dias 22 e 26 de janeiro para manuten\u00e7\u00e3o. A empresa prev\u00ea aumento de filas no per\u00edodo e pediu para os clientes anteciparem o planejamento das viagens &#8220;levando em considera\u00e7\u00e3o a alta movimenta\u00e7\u00e3o do per\u00edodo&#8221;.<\/p>\n\n\n\n<p>A empresa pontua tamb\u00e9m que ser\u00e1 disponibilizado o &#8216;fil\u00f4metro&#8217; no site, assim, os passageiros poder\u00e3o verificar a situa\u00e7\u00e3o em tempo real do fluxo de ve\u00edculos e tempo de espera nos terminais.<\/p>\n\n\n\n<p>&#8220;A Internacional Travessias Salvador refor\u00e7a o compromisso com a seguran\u00e7a e a qualidade dos servi\u00e7os prestados e agradece a compreens\u00e3o e colabora\u00e7\u00e3o de todos durante esse per\u00edodo. Estamos \u00e0 disposi\u00e7\u00e3o para esclarecimentos adicionais e desejamos a todos uma viagem tranquila e segura&#8221;, divulgou.<\/p>\n\n\n\n<p><strong>Aumento no final do ano<\/strong><\/p>\n\n\n\n<p>A Internacional Travessias Salvador divulgou tamb\u00e9m que entre os dias 21\/12\/2023 e 15\/01\/2024, foram transportados mais de 583 mil pedestres e mais de 86 mil ve\u00edculos, contabilizando aumentos de 13% e 11%, respectivamente, em rela\u00e7\u00e3o ao mesmo per\u00edodo do ano anterior.<\/p>\n\n\n\n<p>Foram realizadas mais de 1000 viagens oficiais, com mais de 400 mil viagens extras.<\/p>\n\n\n\n<p>Fonte: A Tarde <\/p>\n","protected":false},"excerpt":{"rendered":"<p>A Internacional Travessias, publicou nesta quarta-feira, 17, que o Ferry-Boat Zumbi dos Palmares passar\u00e1 por uma parada programada entre os dias 22 e 26 de janeiro para manuten\u00e7\u00e3o. A empresa prev\u00ea aumento de filas no per\u00edodo e pediu para os clientes anteciparem o planejamento das viagens &#8220;levando em considera\u00e7\u00e3o a alta movimenta\u00e7\u00e3o do per\u00edodo&#8221;. A [&hellip;]<\/p>\n","protected":false},"author":2,"featured_media":7568,"comment_status":"open","ping_status":"open","sticky":false,"template":"","format":"standard","meta":{"footnotes":""},"categories":[85],"tags":[],"class_list":["post-7567","post","type-post","status-publish","format-standard","has-post-thumbnail","hentry","category-noticias"],"_links":{"self":[{"href":"https:\/\/salvadoracontece.com.br\/index.php\/wp-json\/wp\/v2\/posts\/7567","targetHints":{"allow":["GET"]}}],"collection":[{"href":"https:\/\/salvadoracontece.com.br\/index.php\/wp-json\/wp\/v2\/posts"}],"about":[{"href":"https:\/\/salvadoracontece.com.br\/index.php\/wp-json\/wp\/v2\/types\/post"}],"author":[{"embeddable":true,"href":"https:\/\/salvadoracontece.com.br\/index.php\/wp-json\/wp\/v2\/users\/2"}],"replies":[{"embeddable":true,"href":"https:\/\/salvadoracontece.com.br\/index.php\/wp-json\/wp\/v2\/comments?post=7567"}],"version-history":[{"count":1,"href":"https:\/\/salvadoracontece.com.br\/index.php\/wp-json\/wp\/v2\/posts\/7567\/revisions"}],"predecessor-version":[{"id":7569,"href":"https:\/\/salvadoracontece.com.br\/index.php\/wp-json\/wp\/v2\/posts\/7567\/revisions\/7569"}],"wp:featuredmedia":[{"embeddable":true,"href":"https:\/\/salvadoracontece.com.br\/index.php\/wp-json\/wp\/v2\/media\/7568"}],"wp:attachment":[{"href":"https:\/\/salvadoracontece.com.br\/index.php\/wp-json\/wp\/v2\/media?parent=7567"}],"wp:term":[{"taxonomy":"category","embeddable":true,"href":"https:\/\/salvadoracontece.com.br\/index.php\/wp-json\/wp\/v2\/categories?post=7567"},{"taxonomy":"post_tag","embeddable":true,"href":"https:\/\/salvadoracontece.com.br\/index.php\/wp-json\/wp\/v2\/tags?post=7567"}],"curies":[{"name":"wp","href":"https:\/\/api.w.org\/{rel}","templated":true}]}}