{"id":7573,"date":"2024-01-17T14:50:42","date_gmt":"2024-01-17T17:50:42","guid":{"rendered":"https:\/\/salvadoracontece.com.br\/?p=7573"},"modified":"2024-01-17T14:50:44","modified_gmt":"2024-01-17T17:50:44","slug":"a-pedido-de-bolsonaro-valdemar-tera-novo-assessor-apos-entrevista-polemica","status":"publish","type":"post","link":"https:\/\/salvadoracontece.com.br\/index.php\/2024\/01\/17\/a-pedido-de-bolsonaro-valdemar-tera-novo-assessor-apos-entrevista-polemica\/","title":{"rendered":"A pedido de Bolsonaro, Valdemar ter\u00e1 novo assessor ap\u00f3s entrevista pol\u00eamica"},"content":{"rendered":"\n<p>O PL, partido de Jair Bolsonaro, est\u00e1 \u00e0 ca\u00e7a de um nome para ser uma esp\u00e9cie de c\u00e3o de guarda de Valdemar Costa Neto, o presidente da legenda, quando ele for dar entrevistas. Mais que um assessor de imprensa, o profissional ter\u00e1 o dever de dizer quando Valdemar deve ou n\u00e3o falar, e sempre alinhado com a assessoria de Bolsonaro.<\/p>\n\n\n\n<p>De acordo com a coluna de Guilherme Amado do portal\u00a0Metr\u00f3poles, a solu\u00e7\u00e3o foi combinada entre a assessoria de Bolsonaro e o marqueteiro Duda Lima, que atende o PL, como uma forma de evitar novas entrevistas-bomba como a que Valdemar deu no fim do ano passado ao Di\u00e1rio de Mogi, em Mogi das Cruzes (SP), em dezembro de 2023, quando elogiou Lula e criticou o ex-presidente.<\/p>\n\n\n\n<p>A entrevista foi mais uma dentre v\u00e1rias derrapadas que Bolsonaro percebeu que Valdemar deu ao longo de 2023 quando falou \u00e0 imprensa.<\/p>\n\n\n\n<p>O curioso \u00e9 que, a pedido de Bolsonaro, Valdemar j\u00e1 demitiu dois assessores de imprensa, um deles a seu lado havia anos, e seguiu desagradando o ex-presidente nesta \u00e1rea.<\/p>\n\n\n\n<p>Fonte: Bahia Not\u00edcias <\/p>\n","protected":false},"excerpt":{"rendered":"<p>O PL, partido de Jair Bolsonaro, est\u00e1 \u00e0 ca\u00e7a de um nome para ser uma esp\u00e9cie de c\u00e3o de guarda de Valdemar Costa Neto, o presidente da legenda, quando ele for dar entrevistas. Mais que um assessor de imprensa, o profissional ter\u00e1 o dever de dizer quando Valdemar deve ou n\u00e3o falar, e sempre alinhado [&hellip;]<\/p>\n","protected":false},"author":2,"featured_media":7574,"comment_status":"open","ping_status":"open","sticky":false,"template":"","format":"standard","meta":{"footnotes":""},"categories":[91],"tags":[],"class_list":["post-7573","post","type-post","status-publish","format-standard","has-post-thumbnail","hentry","category-politica"],"_links":{"self":[{"href":"https:\/\/salvadoracontece.com.br\/index.php\/wp-json\/wp\/v2\/posts\/7573","targetHints":{"allow":["GET"]}}],"collection":[{"href":"https:\/\/salvadoracontece.com.br\/index.php\/wp-json\/wp\/v2\/posts"}],"about":[{"href":"https:\/\/salvadoracontece.com.br\/index.php\/wp-json\/wp\/v2\/types\/post"}],"author":[{"embeddable":true,"href":"https:\/\/salvadoracontece.com.br\/index.php\/wp-json\/wp\/v2\/users\/2"}],"replies":[{"embeddable":true,"href":"https:\/\/salvadoracontece.com.br\/index.php\/wp-json\/wp\/v2\/comments?post=7573"}],"version-history":[{"count":1,"href":"https:\/\/salvadoracontece.com.br\/index.php\/wp-json\/wp\/v2\/posts\/7573\/revisions"}],"predecessor-version":[{"id":7575,"href":"https:\/\/salvadoracontece.com.br\/index.php\/wp-json\/wp\/v2\/posts\/7573\/revisions\/7575"}],"wp:featuredmedia":[{"embeddable":true,"href":"https:\/\/salvadoracontece.com.br\/index.php\/wp-json\/wp\/v2\/media\/7574"}],"wp:attachment":[{"href":"https:\/\/salvadoracontece.com.br\/index.php\/wp-json\/wp\/v2\/media?parent=7573"}],"wp:term":[{"taxonomy":"category","embeddable":true,"href":"https:\/\/salvadoracontece.com.br\/index.php\/wp-json\/wp\/v2\/categories?post=7573"},{"taxonomy":"post_tag","embeddable":true,"href":"https:\/\/salvadoracontece.com.br\/index.php\/wp-json\/wp\/v2\/tags?post=7573"}],"curies":[{"name":"wp","href":"https:\/\/api.w.org\/{rel}","templated":true}]}}