{"id":7579,"date":"2024-01-17T15:31:19","date_gmt":"2024-01-17T18:31:19","guid":{"rendered":"https:\/\/salvadoracontece.com.br\/?p=7579"},"modified":"2024-01-17T15:31:21","modified_gmt":"2024-01-17T18:31:21","slug":"prefeito-diz-ter-antecipado-acoes-de-prevencao-a-chuva-diante-de-temporais-pelo-pais","status":"publish","type":"post","link":"https:\/\/salvadoracontece.com.br\/index.php\/2024\/01\/17\/prefeito-diz-ter-antecipado-acoes-de-prevencao-a-chuva-diante-de-temporais-pelo-pais\/","title":{"rendered":"Prefeito diz ter antecipado a\u00e7\u00f5es de preven\u00e7\u00e3o \u00e0 chuva diante de temporais pelo pa\u00eds"},"content":{"rendered":"\n<p>O prefeito Bruno Reis (Uni\u00e3o Brasil) afirmou nesta quarta-feira (17) que a gest\u00e3o municipal vem antecipando a\u00e7\u00f5es de preven\u00e7\u00e3o \u00e0 chuva na capital baiana. Ele falou sobre as medidas ao ser questionado a respeito dos temporais registrados pelo pa\u00eds. Entre os casos mais recentes, 12 pessoas morreram durante enchentes na regi\u00e3o metropolitana do Rio de Janeiro.<\/p>\n\n\n\n<p>\u201cO trabalho hoje de enfrentamento \u00e0 chuva ocorre todos os dias. Mas \u00e9 \u00f3bvio que estou preocupado. Porque, depois de muito calor, vem chuva. N\u00f3s j\u00e1 antecipamos as opera\u00e7\u00f5es que faz\u00edamos em janeiro e fevereiro para o final de novembro, dezembro [de 2023]\u201d, disse Reis, ap\u00f3s a entrega das obras de requalifica\u00e7\u00e3o da rua Afonso Celso, na Barra.<\/p>\n\n\n\n<p>No conjunto de a\u00e7\u00f5es realizadas para evitar alagamentos, o prefeito citou a poda de 3 mil \u00e1rvores, al\u00e9m da dragagem e limpeza de canais pela cidade. Ele tamb\u00e9m afirmou j\u00e1 ter autorizado a execu\u00e7\u00e3o de novas conten\u00e7\u00f5es de encostas.<\/p>\n\n\n\n<p>\u201cDei o comando para todas as obras de encostas serem aceleradas. J\u00e1 autorizei outro conjunto de obras de encostas, que j\u00e1 iniciaram. Novas geomantas. Ou seja, a prefeitura, diante do que est\u00e1 acontecendo no Sul do pa\u00eds e desse risco que h\u00e1, de poder ter um inverno mais intenso, tendo em vista que o ver\u00e3o est\u00e1 acima da normalidade, a gente j\u00e1 est\u00e1 se antecipando com as medidas\u201d, disse o prefeito.<\/p>\n\n\n\n<p>Fonte: Bahia.Ba <\/p>\n","protected":false},"excerpt":{"rendered":"<p>O prefeito Bruno Reis (Uni\u00e3o Brasil) afirmou nesta quarta-feira (17) que a gest\u00e3o municipal vem antecipando a\u00e7\u00f5es de preven\u00e7\u00e3o \u00e0 chuva na capital baiana. Ele falou sobre as medidas ao ser questionado a respeito dos temporais registrados pelo pa\u00eds. Entre os casos mais recentes, 12 pessoas morreram durante enchentes na regi\u00e3o metropolitana do Rio de [&hellip;]<\/p>\n","protected":false},"author":2,"featured_media":7580,"comment_status":"open","ping_status":"open","sticky":false,"template":"","format":"standard","meta":{"footnotes":""},"categories":[91],"tags":[],"class_list":["post-7579","post","type-post","status-publish","format-standard","has-post-thumbnail","hentry","category-politica"],"_links":{"self":[{"href":"https:\/\/salvadoracontece.com.br\/index.php\/wp-json\/wp\/v2\/posts\/7579","targetHints":{"allow":["GET"]}}],"collection":[{"href":"https:\/\/salvadoracontece.com.br\/index.php\/wp-json\/wp\/v2\/posts"}],"about":[{"href":"https:\/\/salvadoracontece.com.br\/index.php\/wp-json\/wp\/v2\/types\/post"}],"author":[{"embeddable":true,"href":"https:\/\/salvadoracontece.com.br\/index.php\/wp-json\/wp\/v2\/users\/2"}],"replies":[{"embeddable":true,"href":"https:\/\/salvadoracontece.com.br\/index.php\/wp-json\/wp\/v2\/comments?post=7579"}],"version-history":[{"count":1,"href":"https:\/\/salvadoracontece.com.br\/index.php\/wp-json\/wp\/v2\/posts\/7579\/revisions"}],"predecessor-version":[{"id":7581,"href":"https:\/\/salvadoracontece.com.br\/index.php\/wp-json\/wp\/v2\/posts\/7579\/revisions\/7581"}],"wp:featuredmedia":[{"embeddable":true,"href":"https:\/\/salvadoracontece.com.br\/index.php\/wp-json\/wp\/v2\/media\/7580"}],"wp:attachment":[{"href":"https:\/\/salvadoracontece.com.br\/index.php\/wp-json\/wp\/v2\/media?parent=7579"}],"wp:term":[{"taxonomy":"category","embeddable":true,"href":"https:\/\/salvadoracontece.com.br\/index.php\/wp-json\/wp\/v2\/categories?post=7579"},{"taxonomy":"post_tag","embeddable":true,"href":"https:\/\/salvadoracontece.com.br\/index.php\/wp-json\/wp\/v2\/tags?post=7579"}],"curies":[{"name":"wp","href":"https:\/\/api.w.org\/{rel}","templated":true}]}}