{"id":7582,"date":"2024-01-17T15:37:15","date_gmt":"2024-01-17T18:37:15","guid":{"rendered":"https:\/\/salvadoracontece.com.br\/?p=7582"},"modified":"2024-01-17T15:37:16","modified_gmt":"2024-01-17T18:37:16","slug":"pedro-sampaio-compartilha-tarde-de-sol-no-porto-da-barra-nao-quero-mais-ir-embora","status":"publish","type":"post","link":"https:\/\/salvadoracontece.com.br\/index.php\/2024\/01\/17\/pedro-sampaio-compartilha-tarde-de-sol-no-porto-da-barra-nao-quero-mais-ir-embora\/","title":{"rendered":"Pedro Sampaio compartilha tarde de sol no Porto da Barra: \u2018n\u00e3o quero mais ir embora\u2019"},"content":{"rendered":"\n<p>A Bahia \u00e9 o mundo! Chegou o ver\u00e3o, e junto com ele, famosos de diversas cidades do Brasil e do exterior, desembarcam na capital baiana para desfrutar o que a terra do Carnaval tem para oferecer. Desta vez, o DJ Pedro Sampaio usou as redes sociais para compartilhar uma tarde de sol no Porto da Barra, regi\u00e3o que foi visitada recentemente pela cantora Pabllo Vittar e a praia preferida do vetarano da m\u00fasica brasileira, Caetano Veloso.&nbsp;<\/p>\n\n\n\n<p>\u201cDe \u00faltima hora peguei um v\u00f4o pra Salvador e n\u00e3o quero mais ir embora\u201d, escreveu o destaque nacional no cen\u00e1rio do funk.&nbsp;<\/p>\n\n\n\n<p>No compilado de registros publicados pelo DJ, ele aparece tomando caipirinha, mostra tamb\u00e9m uma brincadeira entre f\u00e3s o tietando, enquanto \u201cbrigavam\u201d para tirar foto com ele. O momento foi registrado em v\u00eddeo por Pedro. Ao lado dele, tamb\u00e9m aparecem amigos curtindo o dia com ele. Em outra imagem, o cantor Leo Santana aparece cantando o atual hit do DJ \u201cPoc Poc\u201d, em uma roda de samba entre amigos.&nbsp;&nbsp;<\/p>\n\n\n\n<p>Tudo indica que o artista carioca deva estender a sua estadia na capital baiana, j\u00e1 que veio de surpresa e foi surpreendido pelo calor da terra do dend\u00ea. \u00c9 a Bahia, n\u00e9?\u00a0<\/p>\n\n\n\n<p>Fonte: Bahia.Ba <\/p>\n","protected":false},"excerpt":{"rendered":"<p>A Bahia \u00e9 o mundo! Chegou o ver\u00e3o, e junto com ele, famosos de diversas cidades do Brasil e do exterior, desembarcam na capital baiana para desfrutar o que a terra do Carnaval tem para oferecer. Desta vez, o DJ Pedro Sampaio usou as redes sociais para compartilhar uma tarde de sol no Porto da [&hellip;]<\/p>\n","protected":false},"author":2,"featured_media":7583,"comment_status":"open","ping_status":"open","sticky":false,"template":"","format":"standard","meta":{"footnotes":""},"categories":[93],"tags":[],"class_list":["post-7582","post","type-post","status-publish","format-standard","has-post-thumbnail","hentry","category-entretenimento"],"_links":{"self":[{"href":"https:\/\/salvadoracontece.com.br\/index.php\/wp-json\/wp\/v2\/posts\/7582","targetHints":{"allow":["GET"]}}],"collection":[{"href":"https:\/\/salvadoracontece.com.br\/index.php\/wp-json\/wp\/v2\/posts"}],"about":[{"href":"https:\/\/salvadoracontece.com.br\/index.php\/wp-json\/wp\/v2\/types\/post"}],"author":[{"embeddable":true,"href":"https:\/\/salvadoracontece.com.br\/index.php\/wp-json\/wp\/v2\/users\/2"}],"replies":[{"embeddable":true,"href":"https:\/\/salvadoracontece.com.br\/index.php\/wp-json\/wp\/v2\/comments?post=7582"}],"version-history":[{"count":1,"href":"https:\/\/salvadoracontece.com.br\/index.php\/wp-json\/wp\/v2\/posts\/7582\/revisions"}],"predecessor-version":[{"id":7584,"href":"https:\/\/salvadoracontece.com.br\/index.php\/wp-json\/wp\/v2\/posts\/7582\/revisions\/7584"}],"wp:featuredmedia":[{"embeddable":true,"href":"https:\/\/salvadoracontece.com.br\/index.php\/wp-json\/wp\/v2\/media\/7583"}],"wp:attachment":[{"href":"https:\/\/salvadoracontece.com.br\/index.php\/wp-json\/wp\/v2\/media?parent=7582"}],"wp:term":[{"taxonomy":"category","embeddable":true,"href":"https:\/\/salvadoracontece.com.br\/index.php\/wp-json\/wp\/v2\/categories?post=7582"},{"taxonomy":"post_tag","embeddable":true,"href":"https:\/\/salvadoracontece.com.br\/index.php\/wp-json\/wp\/v2\/tags?post=7582"}],"curies":[{"name":"wp","href":"https:\/\/api.w.org\/{rel}","templated":true}]}}