{"id":7588,"date":"2024-01-17T15:47:18","date_gmt":"2024-01-17T18:47:18","guid":{"rendered":"https:\/\/salvadoracontece.com.br\/?p=7588"},"modified":"2024-01-17T15:47:20","modified_gmt":"2024-01-17T18:47:20","slug":"embasa-vai-investir-270-milhoes-para-ampliar-oferta-de-agua-no-litoral-norte","status":"publish","type":"post","link":"https:\/\/salvadoracontece.com.br\/index.php\/2024\/01\/17\/embasa-vai-investir-270-milhoes-para-ampliar-oferta-de-agua-no-litoral-norte\/","title":{"rendered":"Embasa vai investir 270 milh\u00f5es para ampliar oferta de \u00e1gua no Litoral Norte"},"content":{"rendered":"\n<p>Aproximadamente R$ 270 milh\u00f5es em obras est\u00e3o previstos para ampliar a capacidade de distribui\u00e7\u00e3o de \u00e1gua tratada nas localidades de Barra do Jacu\u00edpe, Emboacica, Monte Gordo, Guarajuba, Itacimirim e Praia do forte, localidades do litoral norte baiano cujo crescimento da ocupa\u00e7\u00e3o imobili\u00e1ria, impulsionado pelo turismo e pelo aumento de residentes no p\u00f3s-pandemia, exigiu da Embasa estudos e projetos visando a capta\u00e7\u00e3o, produ\u00e7\u00e3o e distribui\u00e7\u00e3o de mais \u00e1gua para atender a demanda.&nbsp;<\/p>\n\n\n\n<p>Para aumentar a oferta de \u00e1gua em Barra do Jacu\u00edpe, Emboacica, Monte Gordo, Garajuba e Itacimirim, localidades do munic\u00edpio de Cama\u00e7ari, ser\u00e3o perfurados mais tr\u00eas po\u00e7os e implantada uma adutora de \u00e1gua bruta de 6,6 km para transportar a \u00e1gua desses po\u00e7os at\u00e9 uma nova esta\u00e7\u00e3o de tratamento, que ser\u00e1 constru\u00edda. Tamb\u00e9m duas novas esta\u00e7\u00f5es de bombeamento ser\u00e3o montadas e uma adutora 7,7 km instalada para transportar a \u00e1gua tratada para um novo centro de reservat\u00f3rios com capacidade total de 10 mil metros c\u00fabicos. Tamb\u00e9m ser\u00e3o instalados reservat\u00f3rios e rede distribuidora para atender a \u00e1rea rural das localidades de Barra do Jacu\u00edpe, Emboacica e Monte Gordo.&nbsp;<\/p>\n\n\n\n<p>O edital de concorr\u00eancia na modalidade loca\u00e7\u00e3o de ativos para a amplia\u00e7\u00e3o do sistema integrado de abastecimento de \u00e1gua de Praia do Forte ser\u00e1 publicado no final deste m\u00eas e a concorr\u00eancia, na B3 de S\u00e3o Paulo, deve ocorrer em mar\u00e7o. O investimento \u00e9 da ordem de R$ 130,4 milh\u00f5es e prev\u00ea a instala\u00e7\u00e3o de estruturas capazes de captar mais \u00e1gua no rio Pojuca, a constru\u00e7\u00e3o de uma nova esta\u00e7\u00e3o de tratamento de \u00e1gua com estruturas capazes de tratar o lodo residual do processo de tratamento e reciclar a \u00e1gua da lavagem dos filtros, assim como a implanta\u00e7\u00e3o de linhas distribuidoras de refor\u00e7o e mais quatro reservat\u00f3rios que v\u00e3o se somar aos 12 que j\u00e1 existem no sistema.&nbsp;<\/p>\n\n\n\n<p>\u201cA crescente ocupa\u00e7\u00e3o imobili\u00e1ria do litoral norte baiano, nos \u00faltimos 10 anos e ainda em andamento, assim como o aumento sazonal de popula\u00e7\u00e3o no ver\u00e3o, tem a devida aten\u00e7\u00e3o da Embasa. J\u00e1 executamos obras visando aumentar a capacidade de produ\u00e7\u00e3o e de distribui\u00e7\u00e3o de \u00e1gua nessa regi\u00e3o, a exemplo dos sistemas Machadinho Norte e Machadinho Sul, que aumentaram a oferta para Arembepe, Jau\u00e1 e localidades rurais do entorno, e linhas de refor\u00e7o e substitui\u00e7\u00e3o de equipamentos visando ganho de vaz\u00e3o na distribui\u00e7\u00e3o para outras localidades. Atualmente, vamos licitar obras estruturantes para atender a regi\u00e3o de Barra do Jacu\u00edpe, Guarajuba, Itacimirim e Praia do Forte.\u201d, explica o presidente da Embasa, Leonardo G\u00f3es.\u00a0<\/p>\n\n\n\n<p>Fonte: Tribuna da Bahia <\/p>\n","protected":false},"excerpt":{"rendered":"<p>Aproximadamente R$ 270 milh\u00f5es em obras est\u00e3o previstos para ampliar a capacidade de distribui\u00e7\u00e3o de \u00e1gua tratada nas localidades de Barra do Jacu\u00edpe, Emboacica, Monte Gordo, Guarajuba, Itacimirim e Praia do forte, localidades do litoral norte baiano cujo crescimento da ocupa\u00e7\u00e3o imobili\u00e1ria, impulsionado pelo turismo e pelo aumento de residentes no p\u00f3s-pandemia, exigiu da Embasa [&hellip;]<\/p>\n","protected":false},"author":2,"featured_media":7589,"comment_status":"open","ping_status":"open","sticky":false,"template":"","format":"standard","meta":{"footnotes":""},"categories":[85],"tags":[],"class_list":["post-7588","post","type-post","status-publish","format-standard","has-post-thumbnail","hentry","category-noticias"],"_links":{"self":[{"href":"https:\/\/salvadoracontece.com.br\/index.php\/wp-json\/wp\/v2\/posts\/7588","targetHints":{"allow":["GET"]}}],"collection":[{"href":"https:\/\/salvadoracontece.com.br\/index.php\/wp-json\/wp\/v2\/posts"}],"about":[{"href":"https:\/\/salvadoracontece.com.br\/index.php\/wp-json\/wp\/v2\/types\/post"}],"author":[{"embeddable":true,"href":"https:\/\/salvadoracontece.com.br\/index.php\/wp-json\/wp\/v2\/users\/2"}],"replies":[{"embeddable":true,"href":"https:\/\/salvadoracontece.com.br\/index.php\/wp-json\/wp\/v2\/comments?post=7588"}],"version-history":[{"count":1,"href":"https:\/\/salvadoracontece.com.br\/index.php\/wp-json\/wp\/v2\/posts\/7588\/revisions"}],"predecessor-version":[{"id":7590,"href":"https:\/\/salvadoracontece.com.br\/index.php\/wp-json\/wp\/v2\/posts\/7588\/revisions\/7590"}],"wp:featuredmedia":[{"embeddable":true,"href":"https:\/\/salvadoracontece.com.br\/index.php\/wp-json\/wp\/v2\/media\/7589"}],"wp:attachment":[{"href":"https:\/\/salvadoracontece.com.br\/index.php\/wp-json\/wp\/v2\/media?parent=7588"}],"wp:term":[{"taxonomy":"category","embeddable":true,"href":"https:\/\/salvadoracontece.com.br\/index.php\/wp-json\/wp\/v2\/categories?post=7588"},{"taxonomy":"post_tag","embeddable":true,"href":"https:\/\/salvadoracontece.com.br\/index.php\/wp-json\/wp\/v2\/tags?post=7588"}],"curies":[{"name":"wp","href":"https:\/\/api.w.org\/{rel}","templated":true}]}}