{"id":7612,"date":"2024-01-18T10:31:53","date_gmt":"2024-01-18T13:31:53","guid":{"rendered":"https:\/\/salvadoracontece.com.br\/?p=7612"},"modified":"2024-01-18T10:31:54","modified_gmt":"2024-01-18T13:31:54","slug":"saulo-fara-show-especial-em-prol-do-martagao-gesteira-na-concha-acustica","status":"publish","type":"post","link":"https:\/\/salvadoracontece.com.br\/index.php\/2024\/01\/18\/saulo-fara-show-especial-em-prol-do-martagao-gesteira-na-concha-acustica\/","title":{"rendered":"Saulo far\u00e1 show especial em prol do Martag\u00e3o Gesteira na Concha Ac\u00fastica"},"content":{"rendered":"\n<p>No dia 1\u00ba de fevereiro, o cantor Saulo Fernandes ir\u00e1 realizar uma apresenta\u00e7\u00e3o especial na Concha Ac\u00fastica (TCA), onde todo o lucro do show ser\u00e1 revertido em benef\u00edcio do Hospital Martag\u00e3o Gesteira.<\/p>\n\n\n\n<p>Batizado como &#8220;Ensaio da Pipoca de Saulo&#8221;, o evento ir\u00e1 trazer a participa\u00e7\u00e3o especial do coral &#8220;Vozes da Vida&#8221;, que \u00e9 composto por ex-pacientes do hospital, que \u00e9&nbsp;refer\u00eancia em pediatria no Norte e Nordeste, tendo atendimento exclusivo pelo SUS.<\/p>\n\n\n\n<p>Sendo um ebaixador do setor de oncologia do hospital, o cantor se mostrou bastante empolgado para a apresenta\u00e7\u00e3o. &nbsp;<\/p>\n\n\n\n<p>\u201cAlegria mais linda do cora\u00e7\u00e3o, cantando na Concha para o Martag\u00e3o. S\u00f3 lembran\u00e7as e gl\u00f3rias lindas. Espero ver toda a Pipoca reunida. Que assim seja\u201d, disse Saulo.<\/p>\n\n\n\n<p>J\u00e1 dispon\u00edveis no\u00a0Sympla, os ingessos custam entre R$ 50 e R$ 100.\u00a0<\/p>\n\n\n\n<p>Fonte: Varela Net <\/p>\n","protected":false},"excerpt":{"rendered":"<p>No dia 1\u00ba de fevereiro, o cantor Saulo Fernandes ir\u00e1 realizar uma apresenta\u00e7\u00e3o especial na Concha Ac\u00fastica (TCA), onde todo o lucro do show ser\u00e1 revertido em benef\u00edcio do Hospital Martag\u00e3o Gesteira. Batizado como &#8220;Ensaio da Pipoca de Saulo&#8221;, o evento ir\u00e1 trazer a participa\u00e7\u00e3o especial do coral &#8220;Vozes da Vida&#8221;, que \u00e9 composto por [&hellip;]<\/p>\n","protected":false},"author":2,"featured_media":7613,"comment_status":"open","ping_status":"open","sticky":false,"template":"","format":"standard","meta":{"footnotes":""},"categories":[93],"tags":[],"class_list":["post-7612","post","type-post","status-publish","format-standard","has-post-thumbnail","hentry","category-entretenimento"],"_links":{"self":[{"href":"https:\/\/salvadoracontece.com.br\/index.php\/wp-json\/wp\/v2\/posts\/7612","targetHints":{"allow":["GET"]}}],"collection":[{"href":"https:\/\/salvadoracontece.com.br\/index.php\/wp-json\/wp\/v2\/posts"}],"about":[{"href":"https:\/\/salvadoracontece.com.br\/index.php\/wp-json\/wp\/v2\/types\/post"}],"author":[{"embeddable":true,"href":"https:\/\/salvadoracontece.com.br\/index.php\/wp-json\/wp\/v2\/users\/2"}],"replies":[{"embeddable":true,"href":"https:\/\/salvadoracontece.com.br\/index.php\/wp-json\/wp\/v2\/comments?post=7612"}],"version-history":[{"count":1,"href":"https:\/\/salvadoracontece.com.br\/index.php\/wp-json\/wp\/v2\/posts\/7612\/revisions"}],"predecessor-version":[{"id":7614,"href":"https:\/\/salvadoracontece.com.br\/index.php\/wp-json\/wp\/v2\/posts\/7612\/revisions\/7614"}],"wp:featuredmedia":[{"embeddable":true,"href":"https:\/\/salvadoracontece.com.br\/index.php\/wp-json\/wp\/v2\/media\/7613"}],"wp:attachment":[{"href":"https:\/\/salvadoracontece.com.br\/index.php\/wp-json\/wp\/v2\/media?parent=7612"}],"wp:term":[{"taxonomy":"category","embeddable":true,"href":"https:\/\/salvadoracontece.com.br\/index.php\/wp-json\/wp\/v2\/categories?post=7612"},{"taxonomy":"post_tag","embeddable":true,"href":"https:\/\/salvadoracontece.com.br\/index.php\/wp-json\/wp\/v2\/tags?post=7612"}],"curies":[{"name":"wp","href":"https:\/\/api.w.org\/{rel}","templated":true}]}}