{"id":7615,"date":"2024-01-18T10:43:00","date_gmt":"2024-01-18T13:43:00","guid":{"rendered":"https:\/\/salvadoracontece.com.br\/?p=7615"},"modified":"2024-01-18T10:43:02","modified_gmt":"2024-01-18T13:43:02","slug":"lei-para-criacao-de-bolsa-para-moradores-de-rua-e-aprovada-pelo-presidente-lula","status":"publish","type":"post","link":"https:\/\/salvadoracontece.com.br\/index.php\/2024\/01\/18\/lei-para-criacao-de-bolsa-para-moradores-de-rua-e-aprovada-pelo-presidente-lula\/","title":{"rendered":"Lei para cria\u00e7\u00e3o de bolsa para moradores de rua \u00e9 aprovada pelo presidente Lula"},"content":{"rendered":"\n<p>Nesta quarta-feira (17), o presidente Lula (PT), aprovou a cria\u00e7\u00e3o de uma lei que permite oferecer bolsas de qualifica\u00e7\u00e3o profissional para pessoas moradoras de rua. A medida \u00e9 ligada a Pol\u00edtica Nacional de Trabalho Digno e Cidadania para Popul\u00e7\u00e3o em Situa\u00e7\u00e3o de Rua (PNTC Pop Rua).&nbsp;<\/p>\n\n\n\n<p>Entre as medidas que est\u00e3o inclu\u00eddas no projeto, a cria\u00e7\u00e3o da bolsa para qualifica\u00e7\u00e3o profissional das pessoas em condi\u00e7\u00f5es de vulnerabilidade social ser\u00e1 para custear despesas com alimenta\u00e7\u00e3o e transporte para moradores de ruas, para que eles tenham a oportunidade de ingressar em cursos t\u00e9cnicos ou aprimorar seu n\u00edvel educacional, como o grau de escolaridade.<\/p>\n\n\n\n<p>A autora do projeto de lei que foi aprovado pela C\u00e2mara dos Deputados foi a deputada do PSOL-SP, Erika Hilton. A priori, o texto foi aceito em dezembro de 2023 pelo Senado Federal e foi passado para que fosse sancionado pelo presidente Lula.<\/p>\n\n\n\n<p>Ainda no texto, se enquadram como moradores de rua as pessoas que n\u00e3o possuem moradia fixa e vivem em \u00e1reas p\u00fablicas urbanas.\u00a0<\/p>\n\n\n\n<p>Fonte: Varela Net <\/p>\n","protected":false},"excerpt":{"rendered":"<p>Nesta quarta-feira (17), o presidente Lula (PT), aprovou a cria\u00e7\u00e3o de uma lei que permite oferecer bolsas de qualifica\u00e7\u00e3o profissional para pessoas moradoras de rua. A medida \u00e9 ligada a Pol\u00edtica Nacional de Trabalho Digno e Cidadania para Popul\u00e7\u00e3o em Situa\u00e7\u00e3o de Rua (PNTC Pop Rua).&nbsp; Entre as medidas que est\u00e3o inclu\u00eddas no projeto, a [&hellip;]<\/p>\n","protected":false},"author":2,"featured_media":7616,"comment_status":"open","ping_status":"open","sticky":false,"template":"","format":"standard","meta":{"footnotes":""},"categories":[91],"tags":[],"class_list":["post-7615","post","type-post","status-publish","format-standard","has-post-thumbnail","hentry","category-politica"],"_links":{"self":[{"href":"https:\/\/salvadoracontece.com.br\/index.php\/wp-json\/wp\/v2\/posts\/7615","targetHints":{"allow":["GET"]}}],"collection":[{"href":"https:\/\/salvadoracontece.com.br\/index.php\/wp-json\/wp\/v2\/posts"}],"about":[{"href":"https:\/\/salvadoracontece.com.br\/index.php\/wp-json\/wp\/v2\/types\/post"}],"author":[{"embeddable":true,"href":"https:\/\/salvadoracontece.com.br\/index.php\/wp-json\/wp\/v2\/users\/2"}],"replies":[{"embeddable":true,"href":"https:\/\/salvadoracontece.com.br\/index.php\/wp-json\/wp\/v2\/comments?post=7615"}],"version-history":[{"count":1,"href":"https:\/\/salvadoracontece.com.br\/index.php\/wp-json\/wp\/v2\/posts\/7615\/revisions"}],"predecessor-version":[{"id":7617,"href":"https:\/\/salvadoracontece.com.br\/index.php\/wp-json\/wp\/v2\/posts\/7615\/revisions\/7617"}],"wp:featuredmedia":[{"embeddable":true,"href":"https:\/\/salvadoracontece.com.br\/index.php\/wp-json\/wp\/v2\/media\/7616"}],"wp:attachment":[{"href":"https:\/\/salvadoracontece.com.br\/index.php\/wp-json\/wp\/v2\/media?parent=7615"}],"wp:term":[{"taxonomy":"category","embeddable":true,"href":"https:\/\/salvadoracontece.com.br\/index.php\/wp-json\/wp\/v2\/categories?post=7615"},{"taxonomy":"post_tag","embeddable":true,"href":"https:\/\/salvadoracontece.com.br\/index.php\/wp-json\/wp\/v2\/tags?post=7615"}],"curies":[{"name":"wp","href":"https:\/\/api.w.org\/{rel}","templated":true}]}}