{"id":7618,"date":"2024-01-18T10:44:05","date_gmt":"2024-01-18T13:44:05","guid":{"rendered":"https:\/\/salvadoracontece.com.br\/?p=7618"},"modified":"2024-01-18T10:44:06","modified_gmt":"2024-01-18T13:44:06","slug":"bares-e-restaurantes-estimam-aumento-de-faturamento-no-carnaval","status":"publish","type":"post","link":"https:\/\/salvadoracontece.com.br\/index.php\/2024\/01\/18\/bares-e-restaurantes-estimam-aumento-de-faturamento-no-carnaval\/","title":{"rendered":"Bares e restaurantes estimam aumento de faturamento no carnaval"},"content":{"rendered":"\n<p>Pesquisa feita pela Associa\u00e7\u00e3o Brasileira de Bares e Restaurantes (Abrasel) indica que o setor dever\u00e1 faturar, no carnaval deste ano, at\u00e9 15% mais do que no ano passado em Belo Horizonte, no Rio de Janeiro e no Recife.<\/p>\n\n\n\n<p>\u201cEstamos animados\u201d, disse nesta quarta-feira (17) \u00e0 Ag\u00eancia Brasil o presidente executivo da entidade, Paulo Solmucci. Referindo-se ao Rio de Janeiro, onde passou o r\u00e9veillon, Solmucci mostrou-se impressionado com a quantidade de estrangeiros, as ruas cheias. \u201cAquela alegria que a gente via no Rio parece que voltou. Os restaurantes lotados, os bares. Sensa\u00e7\u00e3o de seguran\u00e7a. E minha expectativa \u00e9 que o carnaval v\u00e1 nessa toada tamb\u00e9m.\u201d<\/p>\n\n\n\n<p>No entanto, as expectativas de aumento no faturamento variam em algumas capitais que t\u00eam carnaval de rua animado, como Salvador e S\u00e3o Paulo, que projetam aumento de at\u00e9 10%. \u201cMesmo assim, \u00e9 um excelente resultado, porque s\u00e3o 10% sobre o ano anterior. \u00c9 um crescimento espetacular\u201d, afirmou Solmucci. No ano passado, a venda de empreendimentos do setor aumentou 30%. Segundo a Abrasel, a alta foi obtida na compara\u00e7\u00e3o com o mesmo per\u00edodo de 2022, quando ainda havia influ\u00eancia da pandemia da covid-9, e muitas cidades optou por n\u00e3o realizar o carnaval.<\/p>\n\n\n\n<p>Solmucci apontou duas raz\u00f5es para a expectativa otimista.&nbsp;<em>\u201cO setor \u00e9 impactado, basicamente, por dois fatores: gente trabalhando e renda para consumo. No ano passado, tivemos quase 2 milh\u00f5es de novos postos de trabalho, coisa positiva para todo mundo, e duas not\u00edcias boas que liberaram renda para consumo: a queda da infla\u00e7\u00e3o, especialmente infla\u00e7\u00e3o de alimentos, que libera muitos recursos da popula\u00e7\u00e3o, em especial da classe mais pobre; e a queda da taxa de juros. Se n\u00e3o fossem as car\u00edssimas passagens a\u00e9reas, o resultado seria melhor ainda.\u201d<\/em><\/p>\n\n\n\n<p><strong>Turismo<\/strong><\/p>\n\n\n\n<p>Na opini\u00e3o de Solmucci, apesar de os elevados pre\u00e7os das passagens a\u00e9reas, o turismo n\u00e3o foi prejudicado porque o tr\u00e1fego de \u00f4nibus melhorou.<em>&nbsp;\u201cO turismo de \u00f4nibus cresceu assustadoramente e chegou a quadruplicar em um ano. E o bacana \u00e9 que a qualidade dos \u00f4nibus melhorou muito.\u201d<\/em><\/p>\n\n\n\n<p>Com dois filhos morando no Rio de Janeiro, o presidente da Abrasel comentou que, al\u00e9m da melhoria na qualidade dos equipamentos, os pre\u00e7os das passagens de \u00f4nibus interestaduais equivalem, em muitos casos, a um sexto do das passagens a\u00e9reas e com tempo de deslocamento muito semelhante, \u00e0 exce\u00e7\u00e3o de trechos com dist\u00e2ncias grandes. \u201cIsso tem permitido que o turismo avance, mesmo com as dificuldades da passagem a\u00e9rea.\u201d<\/p>\n\n\n\n<p>Solmucci destacou tamb\u00e9m que foi muito importante para o setor de bares e restaurantes e de com\u00e9rcio e servi\u00e7os n\u00e3o ter havido mudan\u00e7as na quest\u00e3o do parcelamento do cart\u00e3o de cr\u00e9dito. \u201cO cen\u00e1rio \u00e9 positivo\u201d, afirmou.<\/p>\n\n\n\n<p>O dono do bar Braseiro Labuta, localizado na capital fluminense, L\u00facio Vieira, aguarda o in\u00edcio dos eventos carnavalescos com entusiasmo.<\/p>\n\n\n\n<p>Vieira disse que o turismo vem funcionando muito bem, com a rede hoteleira carioca apresentando o melhor resultado dos \u00faltimos seis anos.&nbsp;<em>\u201cA expectativa \u00e9 que isso se mantenha no carnaval e que o Rio de Janeiro fique ainda mais cheio e movimentado. Isso se reflete no nosso setor. Ent\u00e3o, a sensa\u00e7\u00e3o \u00e9 de bastante otimismo.\u201d<\/em><\/p>\n\n\n\n<p><strong>Com\u00e9rcio<\/strong><\/p>\n\n\n\n<p>O com\u00e9rcio lojista do munic\u00edpio do Rio de Janeiro tamb\u00e9m espera aquecimento nas vendas, n\u00e3o s\u00f3 durante o carnaval, mas nos meses do ver\u00e3o, acima de 2,5% na compara\u00e7\u00e3o com igual per\u00edodo do ano passado.<\/p>\n\n\n\n<p>De acordo com o presidente do Clube de Diretores Lojistas do Rio de Janeiro (CDLRio) e do Sindicato dos Lojistas do Com\u00e9rcio do Munic\u00edpio do Rio de Janeiro (SindilojasRio), Aldo Gon\u00e7alves, tanto o ver\u00e3o quanto o carnaval t\u00eam significado especial para o com\u00e9rcio carioca.<em>&nbsp;\u201c\u00c9 uma esta\u00e7\u00e3o que coincide com a alta temporada tur\u00edstica, reunindo, ao mesmo tempo, f\u00e9rias escolares e &nbsp;carnaval. Um pacote perfeito dentro de uma embalagem bem tropical: o calor\u201d.<\/em><\/p>\n\n\n\n<p>Gon\u00e7alves destacou que essas coincid\u00eancias colaboram para o crescimento das vendas, principalmente de produtos da esta\u00e7\u00e3o, como moda praia, roupas feminina e infantil especializadas, acess\u00f3rios para fantasias e souvenirs (lembran\u00e7as).\u00a0<em>\u201cOs lojistas est\u00e3o animados com o grande n\u00famero de visitantes na cidade e esperam uma presen\u00e7a ainda maior de turistas nacionais e estrangeiros para o carnaval.&#8221;<\/em><\/p>\n\n\n\n<p>Fonte: Varela Net <\/p>\n","protected":false},"excerpt":{"rendered":"<p>Pesquisa feita pela Associa\u00e7\u00e3o Brasileira de Bares e Restaurantes (Abrasel) indica que o setor dever\u00e1 faturar, no carnaval deste ano, at\u00e9 15% mais do que no ano passado em Belo Horizonte, no Rio de Janeiro e no Recife. \u201cEstamos animados\u201d, disse nesta quarta-feira (17) \u00e0 Ag\u00eancia Brasil o presidente executivo da entidade, Paulo Solmucci. Referindo-se [&hellip;]<\/p>\n","protected":false},"author":2,"featured_media":7619,"comment_status":"open","ping_status":"open","sticky":false,"template":"","format":"standard","meta":{"footnotes":""},"categories":[92],"tags":[],"class_list":["post-7618","post","type-post","status-publish","format-standard","has-post-thumbnail","hentry","category-economia"],"_links":{"self":[{"href":"https:\/\/salvadoracontece.com.br\/index.php\/wp-json\/wp\/v2\/posts\/7618","targetHints":{"allow":["GET"]}}],"collection":[{"href":"https:\/\/salvadoracontece.com.br\/index.php\/wp-json\/wp\/v2\/posts"}],"about":[{"href":"https:\/\/salvadoracontece.com.br\/index.php\/wp-json\/wp\/v2\/types\/post"}],"author":[{"embeddable":true,"href":"https:\/\/salvadoracontece.com.br\/index.php\/wp-json\/wp\/v2\/users\/2"}],"replies":[{"embeddable":true,"href":"https:\/\/salvadoracontece.com.br\/index.php\/wp-json\/wp\/v2\/comments?post=7618"}],"version-history":[{"count":1,"href":"https:\/\/salvadoracontece.com.br\/index.php\/wp-json\/wp\/v2\/posts\/7618\/revisions"}],"predecessor-version":[{"id":7620,"href":"https:\/\/salvadoracontece.com.br\/index.php\/wp-json\/wp\/v2\/posts\/7618\/revisions\/7620"}],"wp:featuredmedia":[{"embeddable":true,"href":"https:\/\/salvadoracontece.com.br\/index.php\/wp-json\/wp\/v2\/media\/7619"}],"wp:attachment":[{"href":"https:\/\/salvadoracontece.com.br\/index.php\/wp-json\/wp\/v2\/media?parent=7618"}],"wp:term":[{"taxonomy":"category","embeddable":true,"href":"https:\/\/salvadoracontece.com.br\/index.php\/wp-json\/wp\/v2\/categories?post=7618"},{"taxonomy":"post_tag","embeddable":true,"href":"https:\/\/salvadoracontece.com.br\/index.php\/wp-json\/wp\/v2\/tags?post=7618"}],"curies":[{"name":"wp","href":"https:\/\/api.w.org\/{rel}","templated":true}]}}