{"id":7772,"date":"2024-01-23T15:47:21","date_gmt":"2024-01-23T18:47:21","guid":{"rendered":"https:\/\/salvadoracontece.com.br\/?p=7772"},"modified":"2024-01-23T15:47:22","modified_gmt":"2024-01-23T18:47:22","slug":"jeronimo-rechaca-milicia-e-cobra-regulamentacao-em-terras-indigenas","status":"publish","type":"post","link":"https:\/\/salvadoracontece.com.br\/index.php\/2024\/01\/23\/jeronimo-rechaca-milicia-e-cobra-regulamentacao-em-terras-indigenas\/","title":{"rendered":"Jer\u00f4nimo recha\u00e7a &#8220;mil\u00edcia&#8221; e cobra regulamenta\u00e7\u00e3o em terras ind\u00edgenas"},"content":{"rendered":"\n<p>O governador Jer\u00f4nimo Rodrigues preferiu n\u00e3o classificar, ainda, como uma esp\u00e9cie de \u201cmil\u00edcia do campo\u201d o grupo que\u00a0atacou e matou uma mulher ind\u00edgena Patax\u00f3\u00a0na na Terra Ind\u00edgena Caramuru-Catarina Paraguassu, no sul da Bahia. Maria de F\u00e1tima Muniz, conhecida como Nega Patax\u00f3, foi morta a tiros por um grupo de fazendeiros que tentavam recuperar terras ocupadas pelos ind\u00edgenas. <\/p>\n\n\n\n<p>Segundo o governador, o Estado tem atuado com o papel de pol\u00edcia na busca e\u00a0identifica\u00e7\u00e3o dos culpados pelo crime\u00a0e, consequentemente, entreg\u00e1-los \u00e0 Justi\u00e7a para julgamento.<\/p>\n\n\n\n<p>Jer\u00f4nimo recha\u00e7ou ainda que seja denominado como mil\u00edcia atua\u00e7\u00e3o dos fazendeiros e que os ind\u00edgenas fa\u00e7am justi\u00e7a com as pr\u00f3prias m\u00e3os. <\/p>\n\n\n\n<p>\u201cO papel da intelig\u00eancia temos que fazer, acompanhar qualquer movimento estranho. Temos que buscar as pessoas que est\u00e3o na desordem da constitui\u00e7\u00e3o e entregar \u00e0 justi\u00e7a, que julga. O nosso papel enquanto executivo \u00e9 o papel de pol\u00edtica, de investiga\u00e7\u00e3o, buscar os culpados, ouv\u00ed-los e entregar \u00e0 justi\u00e7a. Espero que o governo federal, o INCRA, a FUNAI, \u00f3rg\u00e3os respons\u00e1veis pelas terras ind\u00edgenas possam achar um meio tempo, uma sa\u00edda, para que seja feita a regulamenta\u00e7\u00e3o, seja para que lado for. Quando regulariza as terras, evita conflitos. Enquanto n\u00e3o se regulariza, vemos atitudes como essas\u201d, afirmou.<\/p>\n\n\n\n<p>Jer\u00f4nimo tamb\u00e9m pontuou que respeita as recentes declara\u00e7\u00f5es do Movimento Sem Terra, mas que pretende atuar na concilia\u00e7\u00e3o entre os grupos.<\/p>\n\n\n\n<p>\u201cEu respeito a posi\u00e7\u00e3o de qualquer movimento, seja de fazendeiros, de movimento sem-terra, de ind\u00edgenas. Eu respeito, \u00e9 a fala de uma entidade. Na condi\u00e7\u00e3o de governador, eu tenho que respeitar. O que eu n\u00e3o posso \u00e9 administrar qualquer tipo de desbalanceamento com rela\u00e7\u00e3o \u00e0s atitudes\u201d, disse..<\/p>\n\n\n\n<p>\u201cN\u00e3o vamos permitir aqui na Bahia, eu n\u00e3o vou permitir\u2026.Ontem eu me reuni com as for\u00e7as da justi\u00e7a, com o MP, TJ, Defensoria P\u00fablica, PF para que a gente possa fazer um \u2018colch\u00e3o\u2019 e proteger a paz e, naturalmente, garantir a vida das pessoas. Nem um lado e nem outro. Eu n\u00e3o vou permitir. O meu comportamento ser\u00e1 o de garantir a tranquilidade, o equil\u00edbrio entre as for\u00e7as. N\u00e3o d\u00e1 pra a gente ficar aguardando para que movimentos ou pessoas fa\u00e7am justi\u00e7a com as pr\u00f3prias m\u00e3os, pois d\u00e1 nisso no que deu\u201d, completou o governador.<\/p>\n\n\n\n<p>Fonte: A Tarde <\/p>\n","protected":false},"excerpt":{"rendered":"<p>O governador Jer\u00f4nimo Rodrigues preferiu n\u00e3o classificar, ainda, como uma esp\u00e9cie de \u201cmil\u00edcia do campo\u201d o grupo que\u00a0atacou e matou uma mulher ind\u00edgena Patax\u00f3\u00a0na na Terra Ind\u00edgena Caramuru-Catarina Paraguassu, no sul da Bahia. Maria de F\u00e1tima Muniz, conhecida como Nega Patax\u00f3, foi morta a tiros por um grupo de fazendeiros que tentavam recuperar terras ocupadas [&hellip;]<\/p>\n","protected":false},"author":2,"featured_media":7773,"comment_status":"open","ping_status":"open","sticky":false,"template":"","format":"standard","meta":{"footnotes":""},"categories":[91],"tags":[],"class_list":["post-7772","post","type-post","status-publish","format-standard","has-post-thumbnail","hentry","category-politica"],"_links":{"self":[{"href":"https:\/\/salvadoracontece.com.br\/index.php\/wp-json\/wp\/v2\/posts\/7772","targetHints":{"allow":["GET"]}}],"collection":[{"href":"https:\/\/salvadoracontece.com.br\/index.php\/wp-json\/wp\/v2\/posts"}],"about":[{"href":"https:\/\/salvadoracontece.com.br\/index.php\/wp-json\/wp\/v2\/types\/post"}],"author":[{"embeddable":true,"href":"https:\/\/salvadoracontece.com.br\/index.php\/wp-json\/wp\/v2\/users\/2"}],"replies":[{"embeddable":true,"href":"https:\/\/salvadoracontece.com.br\/index.php\/wp-json\/wp\/v2\/comments?post=7772"}],"version-history":[{"count":1,"href":"https:\/\/salvadoracontece.com.br\/index.php\/wp-json\/wp\/v2\/posts\/7772\/revisions"}],"predecessor-version":[{"id":7774,"href":"https:\/\/salvadoracontece.com.br\/index.php\/wp-json\/wp\/v2\/posts\/7772\/revisions\/7774"}],"wp:featuredmedia":[{"embeddable":true,"href":"https:\/\/salvadoracontece.com.br\/index.php\/wp-json\/wp\/v2\/media\/7773"}],"wp:attachment":[{"href":"https:\/\/salvadoracontece.com.br\/index.php\/wp-json\/wp\/v2\/media?parent=7772"}],"wp:term":[{"taxonomy":"category","embeddable":true,"href":"https:\/\/salvadoracontece.com.br\/index.php\/wp-json\/wp\/v2\/categories?post=7772"},{"taxonomy":"post_tag","embeddable":true,"href":"https:\/\/salvadoracontece.com.br\/index.php\/wp-json\/wp\/v2\/tags?post=7772"}],"curies":[{"name":"wp","href":"https:\/\/api.w.org\/{rel}","templated":true}]}}