{"id":7785,"date":"2024-01-24T09:57:24","date_gmt":"2024-01-24T12:57:24","guid":{"rendered":"https:\/\/salvadoracontece.com.br\/?p=7785"},"modified":"2024-01-24T09:57:26","modified_gmt":"2024-01-24T12:57:26","slug":"parana-pesquisas-bruno-reis-lidera-com-62-e-venceria-no-1o-turno-em-salvador","status":"publish","type":"post","link":"https:\/\/salvadoracontece.com.br\/index.php\/2024\/01\/24\/parana-pesquisas-bruno-reis-lidera-com-62-e-venceria-no-1o-turno-em-salvador\/","title":{"rendered":"Paran\u00e1 Pesquisas: Bruno Reis lidera com 62% e venceria no 1\u00ba turno em Salvador"},"content":{"rendered":"\n<p>O atual prefeito Bruno Reis (Uni\u00e3o Brasil), prov\u00e1vel candidato \u00e0 reelei\u00e7\u00e3o, lidera a disputa por Salvador com 62,7% das inten\u00e7\u00f5es de votos, segundo levantamento do instituto Paran\u00e1 Pesquisas, encomendado pelo portal Bahia Not\u00edcias e divulgado nesta quarta-feira (24). A sondagem de opini\u00e3o aponta para a vit\u00f3ria do gestor soteropolitano no primeiro turno das elei\u00e7\u00f5es deste ano.<\/p>\n\n\n\n<p id=\"paragrafo-ppfajvek1y\">Em segundo lugar, com 12,1% das inten\u00e7\u00f5es de votos \u00e9 o atual vice-governador da Bahia, Geraldo J\u00fanior (MDB). Em seguida, aparece o pr\u00e9-candidato do PSOL, Kleber Rosa, com 2,9%. Luciana Buck, do NOVO, tem 1,6%. Os que n\u00e3o sabem ou n\u00e3o quiseram responder somam 6,6%. Os votos brancos, nulos e ningu\u00e9m s\u00e3o 9%.<\/p>\n\n\n\n<p id=\"paragrafo-bfk02xh16t\">A pesquisa ouviu 802 eleitores entre os dias 18 e 23 de janeiro de 2024. A margem de erro \u00e9 de 3,5% para mais ou para menos e 95% de intervalo de confian\u00e7a. O levantamento est\u00e1 registrado no Tribunal Superior Eleitoral (TSE) sob n\u00ba BA-04282\/2024.<\/p>\n\n\n\n<p id=\"paragrafo-7vxwxqoks7\"><strong>Rejei\u00e7\u00e3o<\/strong><\/p>\n\n\n\n<p id=\"paragrafo-r1r2vthfjd\">A sondagem de opini\u00e3o da Paran\u00e1 Pesquisas mostra ainda que o vice-governador Geraldo J\u00fanior \u00e9 l\u00edder na rejei\u00e7\u00e3o. Segundo o levantamento, 27,3% dos eleitores de Salvador dizem que n\u00e3o votariam no emedebista. O prefeito Bruno Reis tem 19,5%.<\/p>\n\n\n\n<p id=\"paragrafo-ecgqfjhl07\">J\u00e1 Kleber Rosa tem 18% de rejei\u00e7\u00e3o, e Luciana Buck aparece com 16,1%. Os eleitores que poderiam votar em todos somam 4,2%. J\u00e1 os que n\u00e3o sabem ou n\u00e3o responderam s\u00e3o 18,3%.<\/p>\n\n\n\n<p>Fonte: Jornal Correio <\/p>\n","protected":false},"excerpt":{"rendered":"<p>O atual prefeito Bruno Reis (Uni\u00e3o Brasil), prov\u00e1vel candidato \u00e0 reelei\u00e7\u00e3o, lidera a disputa por Salvador com 62,7% das inten\u00e7\u00f5es de votos, segundo levantamento do instituto Paran\u00e1 Pesquisas, encomendado pelo portal Bahia Not\u00edcias e divulgado nesta quarta-feira (24). A sondagem de opini\u00e3o aponta para a vit\u00f3ria do gestor soteropolitano no primeiro turno das elei\u00e7\u00f5es deste [&hellip;]<\/p>\n","protected":false},"author":2,"featured_media":7786,"comment_status":"open","ping_status":"open","sticky":false,"template":"","format":"standard","meta":{"footnotes":""},"categories":[91],"tags":[],"class_list":["post-7785","post","type-post","status-publish","format-standard","has-post-thumbnail","hentry","category-politica"],"_links":{"self":[{"href":"https:\/\/salvadoracontece.com.br\/index.php\/wp-json\/wp\/v2\/posts\/7785","targetHints":{"allow":["GET"]}}],"collection":[{"href":"https:\/\/salvadoracontece.com.br\/index.php\/wp-json\/wp\/v2\/posts"}],"about":[{"href":"https:\/\/salvadoracontece.com.br\/index.php\/wp-json\/wp\/v2\/types\/post"}],"author":[{"embeddable":true,"href":"https:\/\/salvadoracontece.com.br\/index.php\/wp-json\/wp\/v2\/users\/2"}],"replies":[{"embeddable":true,"href":"https:\/\/salvadoracontece.com.br\/index.php\/wp-json\/wp\/v2\/comments?post=7785"}],"version-history":[{"count":1,"href":"https:\/\/salvadoracontece.com.br\/index.php\/wp-json\/wp\/v2\/posts\/7785\/revisions"}],"predecessor-version":[{"id":7787,"href":"https:\/\/salvadoracontece.com.br\/index.php\/wp-json\/wp\/v2\/posts\/7785\/revisions\/7787"}],"wp:featuredmedia":[{"embeddable":true,"href":"https:\/\/salvadoracontece.com.br\/index.php\/wp-json\/wp\/v2\/media\/7786"}],"wp:attachment":[{"href":"https:\/\/salvadoracontece.com.br\/index.php\/wp-json\/wp\/v2\/media?parent=7785"}],"wp:term":[{"taxonomy":"category","embeddable":true,"href":"https:\/\/salvadoracontece.com.br\/index.php\/wp-json\/wp\/v2\/categories?post=7785"},{"taxonomy":"post_tag","embeddable":true,"href":"https:\/\/salvadoracontece.com.br\/index.php\/wp-json\/wp\/v2\/tags?post=7785"}],"curies":[{"name":"wp","href":"https:\/\/api.w.org\/{rel}","templated":true}]}}