{"id":7865,"date":"2024-01-25T13:16:19","date_gmt":"2024-01-25T16:16:19","guid":{"rendered":"https:\/\/salvadoracontece.com.br\/?p=7865"},"modified":"2024-01-25T13:16:21","modified_gmt":"2024-01-25T16:16:21","slug":"travessia-ribeira-plataforma-e-suspensa-devido-ao-mau-tempo","status":"publish","type":"post","link":"https:\/\/salvadoracontece.com.br\/index.php\/2024\/01\/25\/travessia-ribeira-plataforma-e-suspensa-devido-ao-mau-tempo\/","title":{"rendered":"Travessia Ribeira-Plataforma \u00e9 suspensa devido ao mau tempo"},"content":{"rendered":"\n<p>A Travessia Ribeira-Plataforma teve a opera\u00e7\u00e3o suspensa na manh\u00e3 desta quinta-feira, 25, por consequ\u00eancia do mau tempo em Salvador. At\u00e9 o momento, n\u00e3o h\u00e1 previs\u00e3o de retorno.<\/p>\n\n\n\n<p>Em nota divulgada pela Semob Secretaria Municipal De Mobilidade (Semob), &#8220;as opera\u00e7\u00f5es podem ser retomadas, desde que as condi\u00e7\u00f5es de navega\u00e7\u00e3o melhorem e garantam a travessia segura das embarca\u00e7\u00f5es&#8221;.<\/p>\n\n\n\n<p>Enquanto o funcionamento segue interrompido, os usu\u00e1rios que precisam se deslocar entre os bairros podem utilizar a frota convencional de \u00f4nibus. Al\u00e9m da linha 0238 &#8211; Ribeira x Plataforma\/S\u00e3o Jo\u00e3o do Cabrito, \u00e9 poss\u00edvel integrar com linhas que v\u00e3o em dire\u00e7\u00e3o \u00e0 Avenida Suburbana e ao Largo do Luso.<\/p>\n\n\n\n<p>Fonte: A Tarde <\/p>\n","protected":false},"excerpt":{"rendered":"<p>A Travessia Ribeira-Plataforma teve a opera\u00e7\u00e3o suspensa na manh\u00e3 desta quinta-feira, 25, por consequ\u00eancia do mau tempo em Salvador. At\u00e9 o momento, n\u00e3o h\u00e1 previs\u00e3o de retorno. Em nota divulgada pela Semob Secretaria Municipal De Mobilidade (Semob), &#8220;as opera\u00e7\u00f5es podem ser retomadas, desde que as condi\u00e7\u00f5es de navega\u00e7\u00e3o melhorem e garantam a travessia segura das [&hellip;]<\/p>\n","protected":false},"author":2,"featured_media":7866,"comment_status":"open","ping_status":"open","sticky":false,"template":"","format":"standard","meta":{"footnotes":""},"categories":[85],"tags":[],"class_list":["post-7865","post","type-post","status-publish","format-standard","has-post-thumbnail","hentry","category-noticias"],"_links":{"self":[{"href":"https:\/\/salvadoracontece.com.br\/index.php\/wp-json\/wp\/v2\/posts\/7865","targetHints":{"allow":["GET"]}}],"collection":[{"href":"https:\/\/salvadoracontece.com.br\/index.php\/wp-json\/wp\/v2\/posts"}],"about":[{"href":"https:\/\/salvadoracontece.com.br\/index.php\/wp-json\/wp\/v2\/types\/post"}],"author":[{"embeddable":true,"href":"https:\/\/salvadoracontece.com.br\/index.php\/wp-json\/wp\/v2\/users\/2"}],"replies":[{"embeddable":true,"href":"https:\/\/salvadoracontece.com.br\/index.php\/wp-json\/wp\/v2\/comments?post=7865"}],"version-history":[{"count":1,"href":"https:\/\/salvadoracontece.com.br\/index.php\/wp-json\/wp\/v2\/posts\/7865\/revisions"}],"predecessor-version":[{"id":7867,"href":"https:\/\/salvadoracontece.com.br\/index.php\/wp-json\/wp\/v2\/posts\/7865\/revisions\/7867"}],"wp:featuredmedia":[{"embeddable":true,"href":"https:\/\/salvadoracontece.com.br\/index.php\/wp-json\/wp\/v2\/media\/7866"}],"wp:attachment":[{"href":"https:\/\/salvadoracontece.com.br\/index.php\/wp-json\/wp\/v2\/media?parent=7865"}],"wp:term":[{"taxonomy":"category","embeddable":true,"href":"https:\/\/salvadoracontece.com.br\/index.php\/wp-json\/wp\/v2\/categories?post=7865"},{"taxonomy":"post_tag","embeddable":true,"href":"https:\/\/salvadoracontece.com.br\/index.php\/wp-json\/wp\/v2\/tags?post=7865"}],"curies":[{"name":"wp","href":"https:\/\/api.w.org\/{rel}","templated":true}]}}