{"id":7871,"date":"2024-01-25T14:08:01","date_gmt":"2024-01-25T17:08:01","guid":{"rendered":"https:\/\/salvadoracontece.com.br\/?p=7871"},"modified":"2024-01-25T14:08:03","modified_gmt":"2024-01-25T17:08:03","slug":"time-de-basquete-emerson-ferretti-revela-novos-projetos-no-bahia","status":"publish","type":"post","link":"https:\/\/salvadoracontece.com.br\/index.php\/2024\/01\/25\/time-de-basquete-emerson-ferretti-revela-novos-projetos-no-bahia\/","title":{"rendered":"Time de Basquete? Emerson Ferretti revela novos projetos no Bahia"},"content":{"rendered":"\n<p>A goleada do Bahia,\u00a0de 5 a 0 pra cima do Jacobina, na noite de quarta-feira, 24, deixou todos os torcedores encantados com a atua\u00e7\u00e3o do time principal e\u00a0dos estreantes na temporada. Presen\u00e7a ilustre na arquibancada da Arena Fonte Nova, o presidente da Associa\u00e7\u00e3o do Bahia, Emerson Ferretti, avaliou a estreia do elenco no ano. <\/p>\n\n\n\n<p>\u201cFeliz pela boa estreia do time titular. A gente sabe que com os jogadores que chegaram, agregou muito valor ao time, tem mais qualidade t\u00e9cnica, isso foi demonstrado dentro de campo. Apesar de ser o primeiro jogo, a equipe ainda vai evoluir, porque \u00e9 natural, no primeiro jogo nunca \u00e9 o ideal, mas foi o suficiente para fazer uma boa partida, ganhar com bastante tranquilidade e deixar o torcedor satisfeito. E esse \u00e9 o grande objetivo, fazer com que o torcedor saia sempre da Fonte Nova feliz\u201d, destacou o ex-goleiro.<\/p>\n\n\n\n<p><strong>Novos projetos<\/strong><\/p>\n\n\n\n<p>O gestor tamb\u00e9m falou sobre o processo de constru\u00e7\u00e3o de novos projetos voltados aos esportes amadores do Bahia. Destacando que as atividades que envolvem \u201cp\u00e9 e bola\u201d s\u00e3o geridas pelo Grupo City, Ferreti revelou que outras modalidades, como basquete e v\u00f4lei, por exemplo, est\u00e3o sendo pensadas e desenvolvidas do zero desde 2023.<\/p>\n\n\n\n<p>\u201cA gente j\u00e1 tem as primeiras conversas desde o ano passado, antes de tomar posse, mas j\u00e1 eleito, a gente j\u00e1 iniciou as conversas, j\u00e1 tivemos com o prefeito, j\u00e1 conversamos com outras pessoas e outras institui\u00e7\u00f5es, estamos montando o projeto para que a gente, o quanto antes, possa anunciar mais uma modalidade al\u00e9m do futebol\u201d, revelou.<\/p>\n\n\n\n<p>\u201cLogicamente, como o Bahia n\u00e3o tem nada de estrutura f\u00edsica, nem projetos nenhum, a gente est\u00e1 criando do zero, ent\u00e3o isso demanda muito estudo para que a gente coloque projetos que possam se perpetuar para al\u00e9m, inclusive, da nossa gest\u00e3o, ent\u00e3o a gente precisa pensar muito bem, elaborar projetos com uma base bastante forte, com alicerce bastante forte, para que quando serem materializados, serem colocados em pr\u00e1tica, encher tamb\u00e9m de orgulho o torcedor\u201d, finalizou.<\/p>\n\n\n\n<p>Fonte: A Tarde <\/p>\n","protected":false},"excerpt":{"rendered":"<p>A goleada do Bahia,\u00a0de 5 a 0 pra cima do Jacobina, na noite de quarta-feira, 24, deixou todos os torcedores encantados com a atua\u00e7\u00e3o do time principal e\u00a0dos estreantes na temporada. Presen\u00e7a ilustre na arquibancada da Arena Fonte Nova, o presidente da Associa\u00e7\u00e3o do Bahia, Emerson Ferretti, avaliou a estreia do elenco no ano. \u201cFeliz [&hellip;]<\/p>\n","protected":false},"author":2,"featured_media":7872,"comment_status":"open","ping_status":"open","sticky":false,"template":"","format":"standard","meta":{"footnotes":""},"categories":[89],"tags":[],"class_list":["post-7871","post","type-post","status-publish","format-standard","has-post-thumbnail","hentry","category-esportes"],"_links":{"self":[{"href":"https:\/\/salvadoracontece.com.br\/index.php\/wp-json\/wp\/v2\/posts\/7871","targetHints":{"allow":["GET"]}}],"collection":[{"href":"https:\/\/salvadoracontece.com.br\/index.php\/wp-json\/wp\/v2\/posts"}],"about":[{"href":"https:\/\/salvadoracontece.com.br\/index.php\/wp-json\/wp\/v2\/types\/post"}],"author":[{"embeddable":true,"href":"https:\/\/salvadoracontece.com.br\/index.php\/wp-json\/wp\/v2\/users\/2"}],"replies":[{"embeddable":true,"href":"https:\/\/salvadoracontece.com.br\/index.php\/wp-json\/wp\/v2\/comments?post=7871"}],"version-history":[{"count":1,"href":"https:\/\/salvadoracontece.com.br\/index.php\/wp-json\/wp\/v2\/posts\/7871\/revisions"}],"predecessor-version":[{"id":7873,"href":"https:\/\/salvadoracontece.com.br\/index.php\/wp-json\/wp\/v2\/posts\/7871\/revisions\/7873"}],"wp:featuredmedia":[{"embeddable":true,"href":"https:\/\/salvadoracontece.com.br\/index.php\/wp-json\/wp\/v2\/media\/7872"}],"wp:attachment":[{"href":"https:\/\/salvadoracontece.com.br\/index.php\/wp-json\/wp\/v2\/media?parent=7871"}],"wp:term":[{"taxonomy":"category","embeddable":true,"href":"https:\/\/salvadoracontece.com.br\/index.php\/wp-json\/wp\/v2\/categories?post=7871"},{"taxonomy":"post_tag","embeddable":true,"href":"https:\/\/salvadoracontece.com.br\/index.php\/wp-json\/wp\/v2\/tags?post=7871"}],"curies":[{"name":"wp","href":"https:\/\/api.w.org\/{rel}","templated":true}]}}